{"id":26339,"date":"2014-06-27T13:00:28","date_gmt":"2014-06-27T16:00:28","guid":{"rendered":"http:\/\/vocesdebaires.com.ar\/wordpress\/index.php\/2014\/06\/27\/sesion-especial-produjo-tres-designaciones-en-la-justicia-2\/"},"modified":"2014-06-27T13:00:28","modified_gmt":"2014-06-27T16:00:28","slug":"sesion-especial-produjo-tres-designaciones-en-la-justicia-2","status":"publish","type":"post","link":"https:\/\/vocesdebaires.com.ar\/index.php\/2014\/06\/27\/sesion-especial-produjo-tres-designaciones-en-la-justicia-2\/","title":{"rendered":"Sesi\u00f3n Especial produjo tres designaciones en la justicia"},"content":{"rendered":"<p><span style=\"line-height: 1.3em;\">Tras un cuarto intermedio de la sesi\u00f3n ordinaria, el Cuerpo parlamentario porte\u00f1o a partir de las 13.30 se reuni\u00f3 en Sesi\u00f3n Especial para considerar cuatro pliegos de designaciones en la justicia local remitidos por el Consejo de la Magistratura con despacho un\u00e1nime de la Junta de \u00c9tica que preside el diputado Jorge Garayalde (PRO) y la Comisi\u00f3n de Justicia que encabeza Francisco Quintana (PRO).<\/span><span style=\"line-height: 1.3em;\">Se acept\u00f3 la propuesta del Sr. Rodrigo Manuel Pagano Mata &#8211; expediente 564-O-2014 &#8211; para la cobertura de un cargo de fiscal ante la Justicia de Primera Instancia en lo Penal, Contravencional y de Faltas y para la misma funci\u00f3n al Sr. N\u00e9stor Roberto Maragliano contenida en el expediente 947-O-2014. Adem\u00e1s, se acept\u00f3 la propuesta del Sr. Juan Octavio Gauna &#8211; expediente 923-O-2014 &#8211; para el cargo de fiscal ante la C\u00e1mara de Apelaciones en lo Contencioso, Administrativo y Tributario.<\/span><\/p>\n<p>Finalmente, se rechaz\u00f3 la propuesta del Sr. Mart\u00edn Diego Farrell &#8211; expediente 565-O-2014 &#8211; para cubrir un cargo de juez ante la Justicia de Primera Instancia en lo Contencioso, Administrativo y Tributario, dado que \u201cel candidato no cuenta con la idoneidad exigida\u201d. Antes de la votaci\u00f3n, se ley\u00f3 por secretar\u00eda parlamentaria una nota dirigida por Farrell a la Vicepresidencia Primera y entregada este mediod\u00eda, en la que present\u00f3 su renuncia al cargo postulado.<\/p>\n<p>Antecedentes de los postulantes<\/p>\n<p>Rodrigo Manuel Pagano Mata, DNI 2282519, es abogado especializado en Derecho Penal, con 22 a\u00f1os de carrera judicial. Actualmente es Juez subrogante en la Justicia Nacional y hace 10 a\u00f1os que se desempe\u00f1a como Profesor Adjunto de Derecho Privado en el Instituto de la Polic\u00eda Federal Argentina.\u00a0<span style=\"line-height: 1.3em;\">Roberto N\u00e9stor Maragliano, DNI 20410564, es abogado con t\u00edtulo expedido en 1994 de la Universidad de Buenos Aires -UBA-. Se desempe\u00f1\u00f3 en el Poder Judicial de la Ciudad Aut\u00f3noma de Buenos Aires como secretario interino, \u00abad hoc\u00bb y \u00abad honorem\u00bb, y en diferentes Juzgados en lo Contravencional y de Faltas y en Juzgados Nacionales en lo Criminal de Instrucci\u00f3n, entre otros. Adem\u00e1s, realiz\u00f3 cursos de posgrado relacionados con el Derecho y las Ciencias Sociales y fue colaborador y ayudante docente.<\/span><\/p>\n<p>Juan Octavio Gauna, DNI 23952914, se recibi\u00f3 en la UBA de abogado en el a\u00f1o 1999. Su desempe\u00f1o laborar y profesional se dio en el Juzgado la C\u00e1mara Nacional de Apelaciones en lo Contencioso Administrativo Federal como auxiliar, y en el Tribunal Superior de Justicia de la Ciudad Aut\u00f3noma de Buenos Aires como secretario y prosecretario, entre otros. Tiene t\u00edtulos y cursos de posgrado, particip\u00f3 en congresos, jornadas, simposios, y adem\u00e1s fue ayudante de docente y profesor en diferentes instituciones.<\/p>\n<p>Mart\u00edn Diego Farrell, DNI 22654801, es abogado recibido de la UBA en 1999. Actualmente se desempe\u00f1a en la Secretar\u00eda del Juzgado de Primera Instancia en lo Contencioso Administrativo y Tributario N\u00ba 11 de la Ciudad de Buenos Aires, es Director de Investigaciones y Doctorado de la Universidad de Palermo e investigador permanente del Instituto de Investigaciones Jur\u00eddicas y Sociales \u00abAmbrosio Lucas Gioja\u00bb. Adem\u00e1s, ha sido Tesorero y Secretario de la Sociedad Argentina de An\u00e1lisis Filos\u00f3fico y Director General de Habilitaciones y Permisos dependiente de la Agencia Gubernamental de Control del GCABA.<span style=\"line-height: 1.3em;\">La Sesi\u00f3n Especial que dur\u00f3 poco menos de treinta minutos fue presenciada por el presidente del Consejo de la Magistratura Dr. Juan Manuel Olmos y el Defensor del Pueblo de la Ciudad Alejandro Amor, ambos diputados MC. Desde los palcos, tras el rechazo del pliego de Farrell, familiares de las v\u00edctimas del local Beara, aplaudieron de pie la decisi\u00f3n del Cuerpo parlamentario.<\/span><\/p>\n","protected":false},"excerpt":{"rendered":"<p>Tras un cuarto intermedio de la sesi\u00f3n ordinaria, el Cuerpo parlamentario porte\u00f1o a partir de las 13.30 se reuni\u00f3 en Sesi\u00f3n Especial para considerar cuatro pliegos de designaciones en la justicia local remitidos por el Consejo de la Magistratura con despacho un\u00e1nime de la Junta de \u00c9tica que preside el diputado Jorge Garayalde (PRO) y [&hellip;]<\/p>\n","protected":false},"author":2,"featured_media":23758,"comment_status":"open","ping_status":"open","sticky":false,"template":"","format":"standard","meta":{"_et_pb_use_builder":"","_et_pb_old_content":"","_et_gb_content_width":"","footnotes":""},"categories":[11,44],"tags":[],"class_list":["post-26339","post","type-post","status-publish","format-standard","has-post-thumbnail","hentry","category-ciudad","category-funcionarios-de-la-caba"],"_links":{"self":[{"href":"https:\/\/vocesdebaires.com.ar\/index.php\/wp-json\/wp\/v2\/posts\/26339"}],"collection":[{"href":"https:\/\/vocesdebaires.com.ar\/index.php\/wp-json\/wp\/v2\/posts"}],"about":[{"href":"https:\/\/vocesdebaires.com.ar\/index.php\/wp-json\/wp\/v2\/types\/post"}],"author":[{"embeddable":true,"href":"https:\/\/vocesdebaires.com.ar\/index.php\/wp-json\/wp\/v2\/users\/2"}],"replies":[{"embeddable":true,"href":"https:\/\/vocesdebaires.com.ar\/index.php\/wp-json\/wp\/v2\/comments?post=26339"}],"version-history":[{"count":0,"href":"https:\/\/vocesdebaires.com.ar\/index.php\/wp-json\/wp\/v2\/posts\/26339\/revisions"}],"wp:featuredmedia":[{"embeddable":true,"href":"https:\/\/vocesdebaires.com.ar\/index.php\/wp-json\/wp\/v2\/media\/23758"}],"wp:attachment":[{"href":"https:\/\/vocesdebaires.com.ar\/index.php\/wp-json\/wp\/v2\/media?parent=26339"}],"wp:term":[{"taxonomy":"category","embeddable":true,"href":"https:\/\/vocesdebaires.com.ar\/index.php\/wp-json\/wp\/v2\/categories?post=26339"},{"taxonomy":"post_tag","embeddable":true,"href":"https:\/\/vocesdebaires.com.ar\/index.php\/wp-json\/wp\/v2\/tags?post=26339"}],"curies":[{"name":"wp","href":"https:\/\/api.w.org\/{rel}","templated":true}]}}