{"id":26346,"date":"2014-06-30T12:24:34","date_gmt":"2014-06-30T15:24:34","guid":{"rendered":"http:\/\/vocesdebaires.com.ar\/wordpress\/index.php\/2014\/06\/30\/declararoninteres-de-la-ciudad-la-campana-justicia-de-genero-2\/"},"modified":"2014-06-30T12:24:34","modified_gmt":"2014-06-30T15:24:34","slug":"declararoninteres-de-la-ciudad-la-campana-justicia-de-genero-2","status":"publish","type":"post","link":"https:\/\/vocesdebaires.com.ar\/index.php\/2014\/06\/30\/declararoninteres-de-la-ciudad-la-campana-justicia-de-genero-2\/","title":{"rendered":"Declararon:Inter\u00e9s de la Ciudad la campa\u00f1a Justicia de G\u00e9nero"},"content":{"rendered":"<p><span style=\"line-height: 1.3em;\">Se realiz\u00f3 el ultimo viernes en el sal\u00f3n Presidente Per\u00f3n de la Legislatura el acto en el que se distingui\u00f3 a la Campa\u00f1a \u00abJusticia de G\u00e9nero\u00bb en el \u00e1mbito de los derechos humanos, una propuesta aprobada por la Legislatura porte\u00f1a por unanimidad el pasado 29 de mayo a trav\u00e9s de una propuesta del diputado H\u00e9ctor Huici (PRO).<\/span><\/p>\n<p>La Campa\u00f1a Justicia de G\u00e9nero realizada por la Asociaci\u00f3n Mujeres Jueces de Argentina (AMJA), junto a la Fundaci\u00f3n Avon, surge en el marco de las actividades que ambas instituciones desarrollan en pos de la promoci\u00f3n y defensa de los derechos humanos de las mujeres. La campa\u00f1a audiovisual tiene por objetivo informar y concientizar a las mujeres v\u00edctimas de violencia acerca de cu\u00e1les son sus derechos para el acceso a la justicia, los mecanismos que existen y el rol de los organismos para facilitarles el proceso hacia una vida libre de violencia.<span style=\"line-height: 1.3em;\">El legislador destac\u00f3 que \u00abconocer un derecho es el primer paso para ejercerlo y la campa\u00f1a hace foco en los cuatro derechos b\u00e1sicos de la ley contra la violencia a las mujeres: la denuncia por casos de violencia, la asignaci\u00f3n de un abogado, la protecci\u00f3n de la v\u00edctima frente a un agresor y el cuidado en la revisi\u00f3n m\u00e9dica\u00bb.<\/span><\/p>\n<p>Luego Huici afirm\u00f3: \u00abla campa\u00f1a a trav\u00e9s de los videos recuerda a los que tienen que dar asistencia social, m\u00e9dica, letrada, o tomar una denuncia, que la asistencia que deben dar es humana\u00bb por lo que consider\u00f3 que \u00abes muy importante darle difusi\u00f3n y alentar este tipo de iniciativas porque hay mucho por hacer para prevenir situaciones de violencia de g\u00e9nero y darle la respuesta adecuada desde los organismos del Estado\u00bb.<span style=\"line-height: 1.3em;\">Por su parte, la presidenta de la AMJA, la Dra. Virginia Simari, dedic\u00f3 esta distinci\u00f3n a la recientemente fallecida jueza de la Corte Suprema, Carmen Argibay, adem\u00e1s subray\u00f3: \u00aba los jueces nos toca resolver cuando los hechos ya ocurrieron pero nuestra conciencia social y profesional nos lleva a comprometernos en la prevenci\u00f3n\u00bb. Luego la magistrada destac\u00f3 \u00abel derecho que no se conoce no es eficaz y el que no se aplica tampoco\u00bb. En ese sentido, finalmente dijo que esta campa\u00f1a es \u00abla estrella (de la acci\u00f3n de prevenci\u00f3n de la AMJA) que ya cumpli\u00f3 un a\u00f1o con cuatro spots creativos y din\u00e1micos\u00bb, agradeci\u00f3 la distinci\u00f3n porque \u00ababre puertas y le da visibilidad\u00bb y anticip\u00f3 que se encuentran trabajando \u00aben un proyecto de ley para incluir en la curricula escolar la perspectiva de g\u00e9nero\u00bb.<\/span><\/p>\n<p>Estuvieron presentes tambi\u00e9n representantes de la Oficina de la Mujer de la Corte Suprema de Justicia de la Naci\u00f3n; juezas de diversos fueros y jurisdicciones del pa\u00eds, representantes de organizaciones que trabajan en defensa de los derechos de las mujeres y de otras entidades.<\/p>\n<p>Contenido de la Campa\u00f1a<\/p>\n<p>Los cortos audiovisuales abordan las situaciones que las mujeres atraviesan cuando deciden buscar ayuda para salir del c\u00edrculo de la violencia y hacen foco en los cuatro derechos b\u00e1sicos de la ley contra la violencia hacia las mujeres. Estos cuatro derechos son: la denuncia por casos de violencia, la asignaci\u00f3n de un abogado, la protecci\u00f3n de la v\u00edctima frente al agresor y el cuidado en la revisaci\u00f3n m\u00e9dica.<span style=\"line-height: 1.3em;\">Adem\u00e1s la Campa\u00f1a ha cosechado numerosos reconocimientos incluyendo su proyecci\u00f3n en el 1\u00ba Festival Nacional de Teatro sobre Violencia de G\u00e9nero y el Premio EIKON, otorgado por profesionales de la comunicaci\u00f3n de la Argentina. Los trabajos fueron protagonizados por destacados actores, como Claudia Lapac\u00f3, Bel\u00e9n Britos, Marcelo Melingo, Silvina Bosco, Marcos Montes y Cecilia Font, con la direcci\u00f3n y guion de Silvina Chague y la producci\u00f3n ejecutiva de Iara Uhalde. <\/span><\/p>\n<p><span style=\"line-height: 1.3em;\">Foto : (de izq. a der.) Directora Ejecutiva Fundaci\u00f3n Avon, Silvia Zubiri; Presidenta de la AMJA, Dra. Virginia Simari y diputado H\u00e9ctor Huici (PRO) luego de la entrega del diploma que destaca en el \u00e1mbito de derechos humanos a la campa\u00f1a \u00abJusticia de G\u00e9nero\u00bb<\/span><\/p>\n","protected":false},"excerpt":{"rendered":"<p>Se realiz\u00f3 el ultimo viernes en el sal\u00f3n Presidente Per\u00f3n de la Legislatura el acto en el que se distingui\u00f3 a la Campa\u00f1a \u00abJusticia de G\u00e9nero\u00bb en el \u00e1mbito de los derechos humanos, una propuesta aprobada por la Legislatura porte\u00f1a por unanimidad el pasado 29 de mayo a trav\u00e9s de una propuesta del diputado H\u00e9ctor [&hellip;]<\/p>\n","protected":false},"author":2,"featured_media":23769,"comment_status":"open","ping_status":"open","sticky":false,"template":"","format":"standard","meta":{"_et_pb_use_builder":"","_et_pb_old_content":"","_et_gb_content_width":"","footnotes":""},"categories":[11,44],"tags":[],"class_list":["post-26346","post","type-post","status-publish","format-standard","has-post-thumbnail","hentry","category-ciudad","category-funcionarios-de-la-caba"],"_links":{"self":[{"href":"https:\/\/vocesdebaires.com.ar\/index.php\/wp-json\/wp\/v2\/posts\/26346"}],"collection":[{"href":"https:\/\/vocesdebaires.com.ar\/index.php\/wp-json\/wp\/v2\/posts"}],"about":[{"href":"https:\/\/vocesdebaires.com.ar\/index.php\/wp-json\/wp\/v2\/types\/post"}],"author":[{"embeddable":true,"href":"https:\/\/vocesdebaires.com.ar\/index.php\/wp-json\/wp\/v2\/users\/2"}],"replies":[{"embeddable":true,"href":"https:\/\/vocesdebaires.com.ar\/index.php\/wp-json\/wp\/v2\/comments?post=26346"}],"version-history":[{"count":0,"href":"https:\/\/vocesdebaires.com.ar\/index.php\/wp-json\/wp\/v2\/posts\/26346\/revisions"}],"wp:featuredmedia":[{"embeddable":true,"href":"https:\/\/vocesdebaires.com.ar\/index.php\/wp-json\/wp\/v2\/media\/23769"}],"wp:attachment":[{"href":"https:\/\/vocesdebaires.com.ar\/index.php\/wp-json\/wp\/v2\/media?parent=26346"}],"wp:term":[{"taxonomy":"category","embeddable":true,"href":"https:\/\/vocesdebaires.com.ar\/index.php\/wp-json\/wp\/v2\/categories?post=26346"},{"taxonomy":"post_tag","embeddable":true,"href":"https:\/\/vocesdebaires.com.ar\/index.php\/wp-json\/wp\/v2\/tags?post=26346"}],"curies":[{"name":"wp","href":"https:\/\/api.w.org\/{rel}","templated":true}]}}