{"id":26355,"date":"2014-07-01T13:14:00","date_gmt":"2014-07-01T16:14:00","guid":{"rendered":"http:\/\/vocesdebaires.com.ar\/wordpress\/index.php\/2014\/07\/01\/legislaturacelebracion-del-mes-de-la-cultura-afroperuana-2\/"},"modified":"2014-07-01T13:14:00","modified_gmt":"2014-07-01T16:14:00","slug":"legislaturacelebracion-del-mes-de-la-cultura-afroperuana-2","status":"publish","type":"post","link":"https:\/\/vocesdebaires.com.ar\/index.php\/2014\/07\/01\/legislaturacelebracion-del-mes-de-la-cultura-afroperuana-2\/","title":{"rendered":"Legislatura:Celebraci\u00f3n del mes de la cultura afroperuana"},"content":{"rendered":"<p><span style=\"line-height: 1.3em;\">En un acto realizado ayer en la Legislatura porte\u00f1a se conmemor\u00f3 el mes de la cultura afroperuana, por impulso de la diputada Mar\u00eda Rachid (FpV). Esta fecha fue establecida por el Congreso de ese pa\u00eds latinoamericano en homenaje al poeta Nicomedes Santa Cruz.<\/span><\/p>\n<p>Encabez\u00f3 el acto el diputado Edgardo Form (NE) quien luego de dar la bienvenida a la comunidad peruana residente en la ciudad, sostuvo: \u00abhe venido a dar testimonio del afecto a los queridos hermanos peruanos y a dar cuenta del apoyo a la integraci\u00f3n latinoamericana\u00bb. Luego el legislador record\u00f3 al conocido locutor Hugo Guerrero Marthineitz quien a trav\u00e9s de su trabajo en Argentina hizo conocer los cantos negros del Per\u00fa.<\/p>\n<p>El C\u00f3nsul adscripto de Per\u00fa, Jos\u00e9 Ignacio Mariategui, sostuvo a continuaci\u00f3n: \u00abhemos venido a abrazar a los afroperuanos y a agradecer a la Legislatura porte\u00f1a que reciben a esta expresi\u00f3n viva del Per\u00fa\u00bb. Por su parte el Vicepresidente de la Organizaci\u00f3n Mutual de la Integraci\u00f3n Latinoamericana y el Caribe (MILAC), encargado de Cultura, C\u00e9sar Carbajal, record\u00f3 los \u00abaportes que desde la cultura, el arte, el deporte y la religi\u00f3n han realizado los afrodescendientes al Per\u00fa\u00bb, tambi\u00e9n destac\u00f3 el \u00ablegado m\u00e1s grande que han dado al Per\u00fa: la Cofrad\u00eda del Se\u00f1or de los Milagros\u00bb y finalmente resalt\u00f3 que \u00abdesde la historia oficial se trat\u00f3 de invisibilizar a loa afroperuanos\u00bb.<\/p>\n<p>Para disfrute de los asistentes se presentaron artistas que tambi\u00e9n participaron de este homenaje: Daniel Ataupilco y Andr\u00e9s Mandr\u00f3s; Rosita Barcellos, Carlos Rojas y su grupo; Matices del Per\u00fa; Ca\u00f1ete Negro y Gloria Quilca\u00f1o.<\/p>\n<p>Celebraci\u00f3n<\/p>\n<p>En el a\u00f1o 2006, el Congreso de la Rep\u00fablica del Per\u00fa declar\u00f3 el 04 de junio como el D\u00eda de la Cultura Afro peruana, a trav\u00e9s de la ley N\u00b0 28.761. \u00a0La fecha fue propuesta en homenaje al gran Nicomedes Santa Cruz, \u00a0poeta, decimista, periodista de profesi\u00f3n y folclorista de vocaci\u00f3n, reconocido en el a\u00f1o 2002 como digno representante del Patrimonio Cultural de la Naci\u00f3n Peruana. En el marco de esta importante fecha, el Ministerio de Cultura del Per\u00fa desarrolla una serie de acciones orientadas a la visibilizaci\u00f3n, reconocimiento y generaci\u00f3n de pol\u00edticas p\u00fablicas a favor de la poblaci\u00f3n afroperuana.<\/p>\n<p>Con aquella Ley, Per\u00fa se suma a los pa\u00edses latinoamericanos que dedican un d\u00eda o un mes al a\u00f1o para celebrar y reflexionar acerca del rol fundamental que los\/as afrodescendientes tuvieron, y a\u00fan tienen, en la construcci\u00f3n de nuestros estados latinoamericanos. As\u00ed como Panam\u00e1, Honduras, Ecuador, Costa Rica, Colombia, Brasil, Per\u00fa y Rep\u00fablica Dominicana, Argentina tambi\u00e9n ha establecido el \u00abD\u00eda los\/as afroargentinos\/as y de la cultura afro\u00bb (8 de noviembre) como una manera de reconocer, reivindicar y visibilizar a esta comunidad que ha dejado una marca indeleble en nuestra identidad cultural.<\/p>\n<p>El mes de la Cultura Afroperuana son treinta d\u00edas de actividades culturales, debate, reflexi\u00f3n y di\u00e1logo que buscan visibilizar y reconocer el aporte e importancia de la poblaci\u00f3n afrodescendiente en el Per\u00fa. As\u00ed mismo la poblaci\u00f3n peruana migrante en Buenos Aires tambi\u00e9n se suma a las actividades en un justo reconocimiento a ese aporte cultural, ya no solo para el Per\u00fa si no para todo nuestro continente. La Mesa Nacional por la Igualdad, la legislatura de la Ciudad de Buenos Aires y la Asociaci\u00f3n MILAC (Migrantes por la Integraci\u00f3n Latinoamericana y el Caribe), \u00a0est\u00e1n tambi\u00e9n presentes en este justo reconocimiento.<\/p>\n<p>Foto : Vicepresidente de MILAC, C\u00e9sar Carbajal, al subrayar el aporte cultural de los afroperuanos<\/p>\n","protected":false},"excerpt":{"rendered":"<p>En un acto realizado ayer en la Legislatura porte\u00f1a se conmemor\u00f3 el mes de la cultura afroperuana, por impulso de la diputada Mar\u00eda Rachid (FpV). Esta fecha fue establecida por el Congreso de ese pa\u00eds latinoamericano en homenaje al poeta Nicomedes Santa Cruz. Encabez\u00f3 el acto el diputado Edgardo Form (NE) quien luego de dar [&hellip;]<\/p>\n","protected":false},"author":2,"featured_media":0,"comment_status":"open","ping_status":"open","sticky":false,"template":"","format":"standard","meta":{"_et_pb_use_builder":"","_et_pb_old_content":"","_et_gb_content_width":"","footnotes":""},"categories":[11,44],"tags":[],"class_list":["post-26355","post","type-post","status-publish","format-standard","hentry","category-ciudad","category-funcionarios-de-la-caba"],"_links":{"self":[{"href":"https:\/\/vocesdebaires.com.ar\/index.php\/wp-json\/wp\/v2\/posts\/26355"}],"collection":[{"href":"https:\/\/vocesdebaires.com.ar\/index.php\/wp-json\/wp\/v2\/posts"}],"about":[{"href":"https:\/\/vocesdebaires.com.ar\/index.php\/wp-json\/wp\/v2\/types\/post"}],"author":[{"embeddable":true,"href":"https:\/\/vocesdebaires.com.ar\/index.php\/wp-json\/wp\/v2\/users\/2"}],"replies":[{"embeddable":true,"href":"https:\/\/vocesdebaires.com.ar\/index.php\/wp-json\/wp\/v2\/comments?post=26355"}],"version-history":[{"count":0,"href":"https:\/\/vocesdebaires.com.ar\/index.php\/wp-json\/wp\/v2\/posts\/26355\/revisions"}],"wp:attachment":[{"href":"https:\/\/vocesdebaires.com.ar\/index.php\/wp-json\/wp\/v2\/media?parent=26355"}],"wp:term":[{"taxonomy":"category","embeddable":true,"href":"https:\/\/vocesdebaires.com.ar\/index.php\/wp-json\/wp\/v2\/categories?post=26355"},{"taxonomy":"post_tag","embeddable":true,"href":"https:\/\/vocesdebaires.com.ar\/index.php\/wp-json\/wp\/v2\/tags?post=26355"}],"curies":[{"name":"wp","href":"https:\/\/api.w.org\/{rel}","templated":true}]}}