{"id":26379,"date":"2014-07-03T13:59:24","date_gmt":"2014-07-03T16:59:24","guid":{"rendered":"http:\/\/vocesdebaires.com.ar\/wordpress\/index.php\/2014\/07\/03\/boca-la-pelota-para-el-diez-2\/"},"modified":"2014-07-03T13:59:24","modified_gmt":"2014-07-03T16:59:24","slug":"boca-la-pelota-para-el-diez-2","status":"publish","type":"post","link":"https:\/\/vocesdebaires.com.ar\/index.php\/2014\/07\/03\/boca-la-pelota-para-el-diez-2\/","title":{"rendered":"Boca :La pelota para el Diez"},"content":{"rendered":"<p><span style=\"line-height: 1.3em;\">\u201cHoy, las negociaciones con Riquelme est\u00e1n terminadas\u201d. Conciso y fr\u00edo, sabiendo que con su frase le pas\u00f3 ahora la pelota al Diez, el presidente de Boca, Daniel Angelici, puso picante la novela por la renovaci\u00f3n del \u00eddolo. Rom\u00e1n, acostumbrado a naufragar en estas aguas revueltas, dilata su respuesta a pesar de que el pope del Xeneize afirm\u00f3 una y otra vez haberle cumplido todos sus pedidos.<\/span><span style=\"line-height: 1.3em;\">\u201cNo le encontramos soluci\u00f3n a su deseo de d\u00f3lar billete. No puedo saber cu\u00e1nto estar\u00e1 a fin de a\u00f1o y en 2015. Todo tiene un l\u00edmite, y el l\u00edmite es que no nos podemos comprometer si no sabemos cu\u00e1l es la diferencia\u201d, manifest\u00f3 Angelici en Radio La Red respecto a la traba m\u00e1s significativa \u2013sino la \u00fanica\u2013 para que el enganche contin\u00fae en el club de la Ribera. Riquelme teme que, a pesar de que se dispare la moneda estadounidense, su sueldo quede atado al tope inicial y termine perdiendo dinero, tal como le pas\u00f3 en la \u00faltima temporada.<\/span><\/p>\n<p><span style=\"line-height: 1.3em;\">Sin embargo, la comisi\u00f3n directiva comenz\u00f3 a ceder en algunos aspectos del punto de conflicto y el presidente se\u00f1al\u00f3 que le ofrecieron un contrato \u00fanico en la Argentina. \u201cUn v\u00ednculo con tope de diez pesos para el primer a\u00f1o y de doce para 2015, con un cl\u00e1usula de renegociaci\u00f3n en caso de que la diferencia con el precio del d\u00f3lar paralelo se dispare a un m\u00e1s del 30 por ciento\u201d, explic\u00f3 el dirigente.<\/span><span style=\"line-height: 1.3em;\">Lo cierto es que el tema de la renovaci\u00f3n toc\u00f3 su punto m\u00e1s tenso y ser\u00e1 Riquelme quien ahora deber\u00e1 dar el pr\u00f3ximo paso. Mientras tanto, \u00e9l y su representante, Daniel Bolotnicoff, contin\u00faan escuchando ofertas. Sport Recife de Brasil sigue empecinado en quedarse con el Diez y aprovechar\u00e1 este momento para meter m\u00e1s fichas.<\/span><\/p>\n","protected":false},"excerpt":{"rendered":"<p>\u201cHoy, las negociaciones con Riquelme est\u00e1n terminadas\u201d. Conciso y fr\u00edo, sabiendo que con su frase le pas\u00f3 ahora la pelota al Diez, el presidente de Boca, Daniel Angelici, puso picante la novela por la renovaci\u00f3n del \u00eddolo. Rom\u00e1n, acostumbrado a naufragar en estas aguas revueltas, dilata su respuesta a pesar de que el pope del [&hellip;]<\/p>\n","protected":false},"author":2,"featured_media":23830,"comment_status":"open","ping_status":"open","sticky":false,"template":"","format":"standard","meta":{"_et_pb_use_builder":"","_et_pb_old_content":"","_et_gb_content_width":"","footnotes":""},"categories":[39,14],"tags":[],"class_list":["post-26379","post","type-post","status-publish","format-standard","has-post-thumbnail","hentry","category-1o-division-a","category-deportes"],"_links":{"self":[{"href":"https:\/\/vocesdebaires.com.ar\/index.php\/wp-json\/wp\/v2\/posts\/26379"}],"collection":[{"href":"https:\/\/vocesdebaires.com.ar\/index.php\/wp-json\/wp\/v2\/posts"}],"about":[{"href":"https:\/\/vocesdebaires.com.ar\/index.php\/wp-json\/wp\/v2\/types\/post"}],"author":[{"embeddable":true,"href":"https:\/\/vocesdebaires.com.ar\/index.php\/wp-json\/wp\/v2\/users\/2"}],"replies":[{"embeddable":true,"href":"https:\/\/vocesdebaires.com.ar\/index.php\/wp-json\/wp\/v2\/comments?post=26379"}],"version-history":[{"count":0,"href":"https:\/\/vocesdebaires.com.ar\/index.php\/wp-json\/wp\/v2\/posts\/26379\/revisions"}],"wp:featuredmedia":[{"embeddable":true,"href":"https:\/\/vocesdebaires.com.ar\/index.php\/wp-json\/wp\/v2\/media\/23830"}],"wp:attachment":[{"href":"https:\/\/vocesdebaires.com.ar\/index.php\/wp-json\/wp\/v2\/media?parent=26379"}],"wp:term":[{"taxonomy":"category","embeddable":true,"href":"https:\/\/vocesdebaires.com.ar\/index.php\/wp-json\/wp\/v2\/categories?post=26379"},{"taxonomy":"post_tag","embeddable":true,"href":"https:\/\/vocesdebaires.com.ar\/index.php\/wp-json\/wp\/v2\/tags?post=26379"}],"curies":[{"name":"wp","href":"https:\/\/api.w.org\/{rel}","templated":true}]}}