{"id":26381,"date":"2014-07-03T14:16:56","date_gmt":"2014-07-03T17:16:56","guid":{"rendered":"http:\/\/vocesdebaires.com.ar\/wordpress\/index.php\/2014\/07\/03\/pitana-dirigira-el-choque-de-potencias-2\/"},"modified":"2014-07-03T14:16:56","modified_gmt":"2014-07-03T17:16:56","slug":"pitana-dirigira-el-choque-de-potencias-2","status":"publish","type":"post","link":"https:\/\/vocesdebaires.com.ar\/index.php\/2014\/07\/03\/pitana-dirigira-el-choque-de-potencias-2\/","title":{"rendered":"Pitana dirigir\u00e1 el choque de potencias"},"content":{"rendered":"<p><span style=\"line-height: 1.3em;\">N\u00e9stor Pitana tambi\u00e9n avanza en el Mundial. el \u00e1rbitro misionero fue designado por la FIFA para dirigir el choque de potencias entre Alemania y Francia del viernes pr\u00f3ximo en el estadio Maracan\u00e1, por los cuartos de final.<\/span><span style=\"line-height: 1.3em;\">Para el misionero, de 39 a\u00f1os, ser\u00e1 su cuarto partido en la Copa del Mundo, luego de arbitrar Rusia-Corea, Estados Unidos-Portugal y Honduras-Suiza, todos por la primera ronda. <\/span><\/p>\n<p><span style=\"line-height: 1.3em;\">Pitana estar\u00e1 secundado por sus compatriotas Hern\u00e1n Maidana, como asistente 1, y Juan Pablo Belatti, como segundo colaborador desde las l\u00edneas.<\/span><span style=\"line-height: 1.3em;\">El partido Francia-Alemania es considerado por la cr\u00edtica como de los m\u00e1s atractivos y parejos de la serie de cuartos de final. <\/span><span style=\"line-height: 1.3em;\">En tanto, el espa\u00f1ol Carlos Velasco Carballo arbitrar\u00e1 el duelo entre Brasil y Colombia, tambi\u00e9n el viernes por los cuartos de final.<\/span><\/p>\n","protected":false},"excerpt":{"rendered":"<p>N\u00e9stor Pitana tambi\u00e9n avanza en el Mundial. el \u00e1rbitro misionero fue designado por la FIFA para dirigir el choque de potencias entre Alemania y Francia del viernes pr\u00f3ximo en el estadio Maracan\u00e1, por los cuartos de final.Para el misionero, de 39 a\u00f1os, ser\u00e1 su cuarto partido en la Copa del Mundo, luego de arbitrar Rusia-Corea, [&hellip;]<\/p>\n","protected":false},"author":2,"featured_media":23834,"comment_status":"open","ping_status":"open","sticky":false,"template":"","format":"standard","meta":{"_et_pb_use_builder":"","_et_pb_old_content":"","_et_gb_content_width":"","footnotes":""},"categories":[14,50],"tags":[],"class_list":["post-26381","post","type-post","status-publish","format-standard","has-post-thumbnail","hentry","category-deportes","category-futbol-internacional-2"],"_links":{"self":[{"href":"https:\/\/vocesdebaires.com.ar\/index.php\/wp-json\/wp\/v2\/posts\/26381"}],"collection":[{"href":"https:\/\/vocesdebaires.com.ar\/index.php\/wp-json\/wp\/v2\/posts"}],"about":[{"href":"https:\/\/vocesdebaires.com.ar\/index.php\/wp-json\/wp\/v2\/types\/post"}],"author":[{"embeddable":true,"href":"https:\/\/vocesdebaires.com.ar\/index.php\/wp-json\/wp\/v2\/users\/2"}],"replies":[{"embeddable":true,"href":"https:\/\/vocesdebaires.com.ar\/index.php\/wp-json\/wp\/v2\/comments?post=26381"}],"version-history":[{"count":0,"href":"https:\/\/vocesdebaires.com.ar\/index.php\/wp-json\/wp\/v2\/posts\/26381\/revisions"}],"wp:featuredmedia":[{"embeddable":true,"href":"https:\/\/vocesdebaires.com.ar\/index.php\/wp-json\/wp\/v2\/media\/23834"}],"wp:attachment":[{"href":"https:\/\/vocesdebaires.com.ar\/index.php\/wp-json\/wp\/v2\/media?parent=26381"}],"wp:term":[{"taxonomy":"category","embeddable":true,"href":"https:\/\/vocesdebaires.com.ar\/index.php\/wp-json\/wp\/v2\/categories?post=26381"},{"taxonomy":"post_tag","embeddable":true,"href":"https:\/\/vocesdebaires.com.ar\/index.php\/wp-json\/wp\/v2\/tags?post=26381"}],"curies":[{"name":"wp","href":"https:\/\/api.w.org\/{rel}","templated":true}]}}