{"id":26382,"date":"2014-07-03T14:23:35","date_gmt":"2014-07-03T17:23:35","guid":{"rendered":"http:\/\/vocesdebaires.com.ar\/wordpress\/index.php\/2014\/07\/03\/legislaturano-aceptara-las-esculturas-de-peron-e-yrigoyen-2\/"},"modified":"2014-07-03T14:23:35","modified_gmt":"2014-07-03T17:23:35","slug":"legislaturano-aceptara-las-esculturas-de-peron-e-yrigoyen-2","status":"publish","type":"post","link":"https:\/\/vocesdebaires.com.ar\/index.php\/2014\/07\/03\/legislaturano-aceptara-las-esculturas-de-peron-e-yrigoyen-2\/","title":{"rendered":"Legislatura:No aceptar\u00e1 las esculturas de Per\u00f3n e Yrigoyen"},"content":{"rendered":"<p><span style=\"line-height: 1.3em;\">El proyecto del gobierno nacional para instalar en la Plaza de la Rep\u00fablica de esta Ciudad dos esculturas en homenaje a los fallecidos ex presidentes Juan Domingo Per\u00f3n e Hip\u00f3lito Yrigoyen podr\u00eda volver a enfrentar a la administraci\u00f3n kirchnerista con el gobierno porte\u00f1o.<\/span><span style=\"line-height: 1.3em;\">La presidente Cristina Kirchner anunci\u00f3 el martes en un acto por los 40 a\u00f1os de la muerte del l\u00edder justicialista que donar\u00eda las obras a la Legislatura, y remarc\u00f3 que descartaba que no solo ser\u00edan recibidas, sino que tambi\u00e9n ser\u00eda aprobado el proyecto, para as\u00ed poder \u00abbrindarles homenaje a ellos, que fueron derrocados por dos golpes militares\u00bb.<\/span><\/p>\n<p><span style=\"line-height: 1.3em;\">Las obras, que pertenecen a Alejandro Marmo, ser\u00edan colocadas a ambos lados del Obelisco, \u00abcomo custodiando el legado hist\u00f3rico popular del siglo XX\u00bb, dijo la mandataria desde Casa Rosada.<\/span><span style=\"line-height: 1.3em;\">Si bien en principio el macrismo se pronunci\u00f3 conforme con la propuesta, ayer el presidente del bloque de Pro en la Legislatura, Cristian Ritondo, puso en duda la concreci\u00f3n de la idea oficialista, al recordar que en la Ciudad ya se preparaba otro monumento para homenajear a Per\u00f3n, surgido de un concurso art\u00edstico.<\/span><\/p>\n<p><span style=\"line-height: 1.3em;\">Se trata de la obra \u00abUnidos Triunfaremos\u00bb, que gan\u00f3 el primer premio. Creada por el artista Carlos Benav\u00eddez, cuenta con una base de tres escalones que significan las tres presidencias de Juan Domingo Per\u00f3n. Arriba, la figura del General con su gesto caracter\u00edstico: los brazos en alto.<\/span><span style=\"line-height: 1.3em;\">El jurado estuvo integrado por los tres vicepresidentes de la Legislatura (Ritondo, del Pro; Dante Gullo, del FpV; y Maximiliano Ferraro, de CC-Unen); los ex presidentes Eduardo Duhalde, Ram\u00f3n Puerta y Adolfo Rodr\u00edguez Sa\u00e1; y Alfredo Atanasof, Jorge Anr\u00f3, Salvador Costanzo, Enrique Azc\u00e1rate, Hugo Moyano y Eduardo Cama\u00f1o. <\/span><span style=\"line-height: 1.3em;\">La escultura, realizada en piedra y bronce, ser\u00e1 emplazada en el bajo porte\u00f1o, sobre las calles Paseo Col\u00f3n y Belgrano.<\/span><\/p>\n","protected":false},"excerpt":{"rendered":"<p>El proyecto del gobierno nacional para instalar en la Plaza de la Rep\u00fablica de esta Ciudad dos esculturas en homenaje a los fallecidos ex presidentes Juan Domingo Per\u00f3n e Hip\u00f3lito Yrigoyen podr\u00eda volver a enfrentar a la administraci\u00f3n kirchnerista con el gobierno porte\u00f1o.La presidente Cristina Kirchner anunci\u00f3 el martes en un acto por los 40 [&hellip;]<\/p>\n","protected":false},"author":2,"featured_media":17823,"comment_status":"open","ping_status":"open","sticky":false,"template":"","format":"standard","meta":{"_et_pb_use_builder":"","_et_pb_old_content":"","_et_gb_content_width":"","footnotes":""},"categories":[11,44],"tags":[],"class_list":["post-26382","post","type-post","status-publish","format-standard","has-post-thumbnail","hentry","category-ciudad","category-funcionarios-de-la-caba"],"_links":{"self":[{"href":"https:\/\/vocesdebaires.com.ar\/index.php\/wp-json\/wp\/v2\/posts\/26382"}],"collection":[{"href":"https:\/\/vocesdebaires.com.ar\/index.php\/wp-json\/wp\/v2\/posts"}],"about":[{"href":"https:\/\/vocesdebaires.com.ar\/index.php\/wp-json\/wp\/v2\/types\/post"}],"author":[{"embeddable":true,"href":"https:\/\/vocesdebaires.com.ar\/index.php\/wp-json\/wp\/v2\/users\/2"}],"replies":[{"embeddable":true,"href":"https:\/\/vocesdebaires.com.ar\/index.php\/wp-json\/wp\/v2\/comments?post=26382"}],"version-history":[{"count":0,"href":"https:\/\/vocesdebaires.com.ar\/index.php\/wp-json\/wp\/v2\/posts\/26382\/revisions"}],"wp:featuredmedia":[{"embeddable":true,"href":"https:\/\/vocesdebaires.com.ar\/index.php\/wp-json\/wp\/v2\/media\/17823"}],"wp:attachment":[{"href":"https:\/\/vocesdebaires.com.ar\/index.php\/wp-json\/wp\/v2\/media?parent=26382"}],"wp:term":[{"taxonomy":"category","embeddable":true,"href":"https:\/\/vocesdebaires.com.ar\/index.php\/wp-json\/wp\/v2\/categories?post=26382"},{"taxonomy":"post_tag","embeddable":true,"href":"https:\/\/vocesdebaires.com.ar\/index.php\/wp-json\/wp\/v2\/tags?post=26382"}],"curies":[{"name":"wp","href":"https:\/\/api.w.org\/{rel}","templated":true}]}}