{"id":26384,"date":"2014-07-03T19:07:57","date_gmt":"2014-07-03T22:07:57","guid":{"rendered":"http:\/\/vocesdebaires.com.ar\/wordpress\/index.php\/2014\/07\/03\/trata-de-personas-preocupacion-por-falta-de-reglamentacion-2\/"},"modified":"2014-07-03T19:07:57","modified_gmt":"2014-07-03T22:07:57","slug":"trata-de-personas-preocupacion-por-falta-de-reglamentacion-2","status":"publish","type":"post","link":"https:\/\/vocesdebaires.com.ar\/index.php\/2014\/07\/03\/trata-de-personas-preocupacion-por-falta-de-reglamentacion-2\/","title":{"rendered":"Trata de Personas preocupaci\u00f3n por falta de reglamentaci\u00f3n"},"content":{"rendered":"<p><span style=\"line-height: 1.3em;\">La Legislatura de la Ciudad Aut\u00f3noma de Buenos Aires expres\u00f3 con una declaraci\u00f3n \u00absu profunda preocupaci\u00f3n ante la falta de reglamentaci\u00f3n de la Ley N\u00b0 26.842 de Prevenci\u00f3n y Sanci\u00f3n de la Trata de Personas y Asistencia a sus V\u00edctimas (Modificatoria de la Ley N\u00b026.364), que obstaculiza su efectiva aplicaci\u00f3n, y reclama que el Poder Ejecutivo Nacional tome las medidas necesarias para subsanar esta situaci\u00f3n\u00bb. La iniciativa fue del diputado Gustavo Vera (VA) y acompa\u00f1ada por los bloques PRO, CC, Suma+, CP y MST. Al momento de la votaci\u00f3n y tras argumentar que \u00abdesde el Gobierno Nacional se viene desarrollando una importante tarea rescatando m\u00e1s de seis mil v\u00edctimas, haciendo numerosos allanamientos e implementando programas de asistencia\u00bb se abstuvieron los bloques FpV, FPP, NE, SP y Seamos Libres.<\/span><\/p>\n<p><span style=\"line-height: 1.3em;\">En diciembre de 2012 la C\u00e1mara de Diputados de la Naci\u00f3n sancion\u00f3 la Ley N\u00b0 26.842, modificatoria de la N\u00b0 26.364 de \u00abPrevenci\u00f3n y sanci\u00f3n de la trata de personas y asistencia a sus v\u00edctimas\u00bb. El \u00a0nuevo texto, que reemplaz\u00f3 algunos art\u00edculos de la normativa sancionada en el a\u00f1o 2008, elimin\u00f3 el consentimiento como causa de eximici\u00f3n de la pena y orden\u00f3 al Estado a brindar asistencia a las v\u00edctimas. Tambi\u00e9n contempla una pena de prisi\u00f3n de cuatro a seis a\u00f1os \u00abpara quien explotare econ\u00f3micamente el ejercicio de la prostituci\u00f3n de una persona, aunque mediare el consentimiento de la v\u00edctima\u00bb. El castigo se eleva de diez a quince a\u00f1os en caso de que la v\u00edctima sea menor de 18 a\u00f1os. <\/span><\/p>\n","protected":false},"excerpt":{"rendered":"<p>La Legislatura de la Ciudad Aut\u00f3noma de Buenos Aires expres\u00f3 con una declaraci\u00f3n \u00absu profunda preocupaci\u00f3n ante la falta de reglamentaci\u00f3n de la Ley N\u00b0 26.842 de Prevenci\u00f3n y Sanci\u00f3n de la Trata de Personas y Asistencia a sus V\u00edctimas (Modificatoria de la Ley N\u00b026.364), que obstaculiza su efectiva aplicaci\u00f3n, y reclama que el Poder [&hellip;]<\/p>\n","protected":false},"author":2,"featured_media":23839,"comment_status":"open","ping_status":"open","sticky":false,"template":"","format":"standard","meta":{"_et_pb_use_builder":"","_et_pb_old_content":"","_et_gb_content_width":"","footnotes":""},"categories":[11,44],"tags":[],"class_list":["post-26384","post","type-post","status-publish","format-standard","has-post-thumbnail","hentry","category-ciudad","category-funcionarios-de-la-caba"],"_links":{"self":[{"href":"https:\/\/vocesdebaires.com.ar\/index.php\/wp-json\/wp\/v2\/posts\/26384"}],"collection":[{"href":"https:\/\/vocesdebaires.com.ar\/index.php\/wp-json\/wp\/v2\/posts"}],"about":[{"href":"https:\/\/vocesdebaires.com.ar\/index.php\/wp-json\/wp\/v2\/types\/post"}],"author":[{"embeddable":true,"href":"https:\/\/vocesdebaires.com.ar\/index.php\/wp-json\/wp\/v2\/users\/2"}],"replies":[{"embeddable":true,"href":"https:\/\/vocesdebaires.com.ar\/index.php\/wp-json\/wp\/v2\/comments?post=26384"}],"version-history":[{"count":0,"href":"https:\/\/vocesdebaires.com.ar\/index.php\/wp-json\/wp\/v2\/posts\/26384\/revisions"}],"wp:featuredmedia":[{"embeddable":true,"href":"https:\/\/vocesdebaires.com.ar\/index.php\/wp-json\/wp\/v2\/media\/23839"}],"wp:attachment":[{"href":"https:\/\/vocesdebaires.com.ar\/index.php\/wp-json\/wp\/v2\/media?parent=26384"}],"wp:term":[{"taxonomy":"category","embeddable":true,"href":"https:\/\/vocesdebaires.com.ar\/index.php\/wp-json\/wp\/v2\/categories?post=26384"},{"taxonomy":"post_tag","embeddable":true,"href":"https:\/\/vocesdebaires.com.ar\/index.php\/wp-json\/wp\/v2\/tags?post=26384"}],"curies":[{"name":"wp","href":"https:\/\/api.w.org\/{rel}","templated":true}]}}