{"id":26401,"date":"2014-07-08T14:15:06","date_gmt":"2014-07-08T17:15:06","guid":{"rendered":"http:\/\/vocesdebaires.com.ar\/wordpress\/index.php\/2014\/07\/08\/polemica-por-vagones-de-subte-2\/"},"modified":"2014-07-08T14:15:06","modified_gmt":"2014-07-08T17:15:06","slug":"polemica-por-vagones-de-subte-2","status":"publish","type":"post","link":"https:\/\/vocesdebaires.com.ar\/index.php\/2014\/07\/08\/polemica-por-vagones-de-subte-2\/","title":{"rendered":"Pol\u00e9mica por vagones de subte"},"content":{"rendered":"<p><span style=\"line-height: 1.3em;\">La empresa Subterr\u00e1neos de Buenos Aires (Sbase) sali\u00f3 a desmentir una denuncia del Secretario General de La Asociaci\u00f3n Gremial de Trabajadores de Subtes y Premetro (AGTSyP), Roberto Pianelli, quien dijo que los trenes usados comprados por Sbase para la l\u00ednea B no entrar\u00edan en el t\u00fanel por su altura.<\/span><\/p>\n<p><span style=\"line-height: 1.3em;\">El referente de los metrodelegados, afirm\u00f3: \u201cCon la compra de los trenes CAF 5000 cambiar\u00edan todo el sistema de alimentaci\u00f3n por trenes que est\u00e1n usados. Si ponen el cable a\u00e9reo m\u00e1s el aire acondicionado que est\u00e1 arriba de los vagones, s\u00f3lo quedan 3 o 4 cent\u00edmetros con el techo del t\u00fanel. Est\u00e1 parada la obra esperando ver qu\u00e9 hacen con estos trenes\u201d. <\/span><\/p>\n<p><span style=\"line-height: 1.3em;\">Ante estas declaraciones, Sbase sali\u00f3 a responder: \u201cLa obra de catenaria en curso se realiza a 4,10 m de altura y en algunos lugares espec\u00edficos a 3,95 m, respetando as\u00ed los requisitos del material rodante y sin ninguna interferencia\u201d, se explicita.<\/span><\/p>\n","protected":false},"excerpt":{"rendered":"<p>La empresa Subterr\u00e1neos de Buenos Aires (Sbase) sali\u00f3 a desmentir una denuncia del Secretario General de La Asociaci\u00f3n Gremial de Trabajadores de Subtes y Premetro (AGTSyP), Roberto Pianelli, quien dijo que los trenes usados comprados por Sbase para la l\u00ednea B no entrar\u00edan en el t\u00fanel por su altura. El referente de los metrodelegados, afirm\u00f3: [&hellip;]<\/p>\n","protected":false},"author":2,"featured_media":23870,"comment_status":"open","ping_status":"open","sticky":false,"template":"","format":"standard","meta":{"_et_pb_use_builder":"","_et_pb_old_content":"","_et_gb_content_width":"","footnotes":""},"categories":[11,44],"tags":[],"class_list":["post-26401","post","type-post","status-publish","format-standard","has-post-thumbnail","hentry","category-ciudad","category-funcionarios-de-la-caba"],"_links":{"self":[{"href":"https:\/\/vocesdebaires.com.ar\/index.php\/wp-json\/wp\/v2\/posts\/26401"}],"collection":[{"href":"https:\/\/vocesdebaires.com.ar\/index.php\/wp-json\/wp\/v2\/posts"}],"about":[{"href":"https:\/\/vocesdebaires.com.ar\/index.php\/wp-json\/wp\/v2\/types\/post"}],"author":[{"embeddable":true,"href":"https:\/\/vocesdebaires.com.ar\/index.php\/wp-json\/wp\/v2\/users\/2"}],"replies":[{"embeddable":true,"href":"https:\/\/vocesdebaires.com.ar\/index.php\/wp-json\/wp\/v2\/comments?post=26401"}],"version-history":[{"count":0,"href":"https:\/\/vocesdebaires.com.ar\/index.php\/wp-json\/wp\/v2\/posts\/26401\/revisions"}],"wp:featuredmedia":[{"embeddable":true,"href":"https:\/\/vocesdebaires.com.ar\/index.php\/wp-json\/wp\/v2\/media\/23870"}],"wp:attachment":[{"href":"https:\/\/vocesdebaires.com.ar\/index.php\/wp-json\/wp\/v2\/media?parent=26401"}],"wp:term":[{"taxonomy":"category","embeddable":true,"href":"https:\/\/vocesdebaires.com.ar\/index.php\/wp-json\/wp\/v2\/categories?post=26401"},{"taxonomy":"post_tag","embeddable":true,"href":"https:\/\/vocesdebaires.com.ar\/index.php\/wp-json\/wp\/v2\/tags?post=26401"}],"curies":[{"name":"wp","href":"https:\/\/api.w.org\/{rel}","templated":true}]}}