{"id":26409,"date":"2014-07-10T12:24:05","date_gmt":"2014-07-10T15:24:05","guid":{"rendered":"http:\/\/vocesdebaires.com.ar\/wordpress\/index.php\/2014\/07\/10\/participacion-ciudadanasesion-de-alumnos-legisladores-2\/"},"modified":"2014-07-10T12:24:05","modified_gmt":"2014-07-10T15:24:05","slug":"participacion-ciudadanasesion-de-alumnos-legisladores-2","status":"publish","type":"post","link":"https:\/\/vocesdebaires.com.ar\/index.php\/2014\/07\/10\/participacion-ciudadanasesion-de-alumnos-legisladores-2\/","title":{"rendered":"Participaci\u00f3n Ciudadana:Sesi\u00f3n de alumnos legisladores"},"content":{"rendered":"<p><span style=\"line-height: 1.3em;\">Alumnos de Quinto a\u00f1o de cuatro establecimientos secundarios de la Ciudad de Buenos Aires debatieron en el recito de la <\/span>legislatura,<span style=\"line-height: 1.3em;\"> proyectos ambientales y de espacio p\u00fablico en el marco del Programa \u00abLa Legislatura y la Escuela\u00bb.<\/span><\/p>\n<p>Estudiantes avanzados de la Escuela de Educaci\u00f3n Media N\u00b0 3 \u201cAntonio Devoto\u201d del Distrito N\u00b0 17 propusieron la creaci\u00f3n de un programa de instalaci\u00f3n de tecnolog\u00eda fotovoltaica de captaci\u00f3n de radiaci\u00f3n solar para la generaci\u00f3n de energ\u00eda el\u00e9ctrica en escuelas secundarias porte\u00f1as. Al respecto, el Vicepresidente Primero, diputado Cristian Ritondo (PRO), que presidi\u00f3 el debate, destac\u00f3 que \u00abel edificio de \u00e9sta Legislatura, de todos los que existen en la ciudad, es el que m\u00e1s paneles solares tiene; est\u00e1n en la terraza y producen el 50 por ciento del consumo el\u00e9ctrico por el servicio inform\u00e1tico. Debemos avanzar hacia la energ\u00eda limpia\u00bb, enfatiz\u00f3.<\/p>\n<p>Luego, la Escuela N\u00b0 8 \u201cJulio Argentino Roca\u201d \u2013 Distrito N\u00b0 10 propuso medidas concretas para defender el medio ambiente a trav\u00e9s de la acci\u00f3n efectiva de las Comunas. Y en este sentido, Ritondo record\u00f3 que la Ciudad de Buenos Aires es pionera en pol\u00edticas p\u00fablicas de reducci\u00f3n y reciclado de residuos. San Francisco, en Estados Unidos, fue la primera y hoy persigue reducir el 10 % de lo que produce, en tanto ese mismo objetivo es el de Buenos Aires\u00bb.<span style=\"line-height: 1.3em;\">La disminuci\u00f3n y control de residuos en el espacio p\u00fablico, fue planteada por alumnos de la Escuela \u201cPropuesta Actual\u201d y el reordenamiento y puesta en valor del espacio p\u00fablico en el barrio de Liniers, result\u00f3 impulsado por el Instituto \u201cSan Cayetano\u201d que se sit\u00faa en esa zona capitalina.<\/span><\/p>\n<p>Antes de retirarse de la sesi\u00f3n que en otro tramo de su desarrollo fue presidida por la diputada Cristina Garc\u00eda (CO), el diputado Ritondo agradeci\u00f3 la participaci\u00f3n de los j\u00f3venes: \u00abSepan que la Legislatura es su Casa, el lugar donde pueden exponer sus ideas. Los felicito por su participaci\u00f3n\u00bb. \u00abDe los proyectos que se presentaron en el marco del Programa \u00abLa Legislatura y la Escuela\u00bb el 25 % fueron aprobados por el Cuerpo parlamentario y esperamos que sean muchos m\u00e1s\u00bb, dijo quien pas\u00f3 por las aulas de una de las escuelas presentes, el Instituto \u201cSan Cayetano\u201d.<\/p>\n<p>Primer Concurso \u00abJ\u00f3venes Legisladores 2014\u00bb<\/p>\n<p>Organizado en el marco del Programa \u00abLa Legislatura y la Escuela\u00bb que se implementa desde el a\u00f1o 1998, las escuelas participantes deber\u00e1n elaborar un proyecto legislativo sobre tem\u00e1ticas de Ambiente, Espacio P\u00fablico, Tr\u00e1nsito y Transporte y Seguridad.\u00a0<span style=\"line-height: 1.3em;\">La convocatoria se efectu\u00f3 en los meses de mayo y junio invitando a todas las escuelas de nivel medio de gesti\u00f3n p\u00fablica y privada, dependientes del Ministerio de Educaci\u00f3n de la Ciudad de Buenos Aires; y la inscripci\u00f3n fue hasta el 30 de junio pasado inclusive.<\/span><span style=\"line-height: 1.3em;\">La presentaci\u00f3n de proyectos debe efectivizarse hasta 5 d\u00edas h\u00e1biles antes de la fecha asignada para la sesi\u00f3n del Programa a realizarse durante mayo, junio, julio, agosto y septiembre.<\/span><span style=\"line-height: 1.3em;\">La elecci\u00f3n de Proyectos distinguidos se concretar\u00e1 en septiembre y la entrega de premios en octubre. <\/span><span style=\"line-height: 1.3em;\">Los proyectos legislativos ser\u00e1n distinguidos con un viaje de estudio para el a\u00f1o y divisi\u00f3n ganadora en el territorio de la Rep\u00fablica Argentina y diploma, como primer premio. Una excursi\u00f3n en la Ciudad de Buenos Aires para el a\u00f1o y divisi\u00f3n, y diploma como segundo premio; y el tercero consiste en un regalo institucional para a\u00f1o y divisi\u00f3n, y diploma.<\/span><\/p>\n<p><span style=\"line-height: 1.3em;\">Foto 2 &#8211; Vicepresidente Primero, diputado Cristian Ritondo (PRO) <\/span><\/p>\n","protected":false},"excerpt":{"rendered":"<p>Alumnos de Quinto a\u00f1o de cuatro establecimientos secundarios de la Ciudad de Buenos Aires debatieron en el recito de la legislatura, proyectos ambientales y de espacio p\u00fablico en el marco del Programa \u00abLa Legislatura y la Escuela\u00bb. Estudiantes avanzados de la Escuela de Educaci\u00f3n Media N\u00b0 3 \u201cAntonio Devoto\u201d del Distrito N\u00b0 17 propusieron la [&hellip;]<\/p>\n","protected":false},"author":2,"featured_media":23884,"comment_status":"open","ping_status":"open","sticky":false,"template":"","format":"standard","meta":{"_et_pb_use_builder":"","_et_pb_old_content":"","_et_gb_content_width":"","footnotes":""},"categories":[11,44],"tags":[],"class_list":["post-26409","post","type-post","status-publish","format-standard","has-post-thumbnail","hentry","category-ciudad","category-funcionarios-de-la-caba"],"_links":{"self":[{"href":"https:\/\/vocesdebaires.com.ar\/index.php\/wp-json\/wp\/v2\/posts\/26409"}],"collection":[{"href":"https:\/\/vocesdebaires.com.ar\/index.php\/wp-json\/wp\/v2\/posts"}],"about":[{"href":"https:\/\/vocesdebaires.com.ar\/index.php\/wp-json\/wp\/v2\/types\/post"}],"author":[{"embeddable":true,"href":"https:\/\/vocesdebaires.com.ar\/index.php\/wp-json\/wp\/v2\/users\/2"}],"replies":[{"embeddable":true,"href":"https:\/\/vocesdebaires.com.ar\/index.php\/wp-json\/wp\/v2\/comments?post=26409"}],"version-history":[{"count":0,"href":"https:\/\/vocesdebaires.com.ar\/index.php\/wp-json\/wp\/v2\/posts\/26409\/revisions"}],"wp:featuredmedia":[{"embeddable":true,"href":"https:\/\/vocesdebaires.com.ar\/index.php\/wp-json\/wp\/v2\/media\/23884"}],"wp:attachment":[{"href":"https:\/\/vocesdebaires.com.ar\/index.php\/wp-json\/wp\/v2\/media?parent=26409"}],"wp:term":[{"taxonomy":"category","embeddable":true,"href":"https:\/\/vocesdebaires.com.ar\/index.php\/wp-json\/wp\/v2\/categories?post=26409"},{"taxonomy":"post_tag","embeddable":true,"href":"https:\/\/vocesdebaires.com.ar\/index.php\/wp-json\/wp\/v2\/tags?post=26409"}],"curies":[{"name":"wp","href":"https:\/\/api.w.org\/{rel}","templated":true}]}}