{"id":2642,"date":"2020-10-13T03:05:27","date_gmt":"2020-10-13T06:05:27","guid":{"rendered":"http:\/\/vocesdebaires.com.ar\/wordpress\/index.php\/2020\/10\/13\/amia-amplia-agenda-culturales-desde-casa\/"},"modified":"2020-10-13T03:05:27","modified_gmt":"2020-10-13T06:05:27","slug":"amia-amplia-agenda-culturales-desde-casa","status":"publish","type":"post","link":"https:\/\/vocesdebaires.com.ar\/index.php\/2020\/10\/13\/amia-amplia-agenda-culturales-desde-casa\/","title":{"rendered":"AMIA: Amplia agenda culturales desde casa"},"content":{"rendered":"<p>El \u00e1rea de Cultura de AMIA sigue presentando una variada y completa agenda de actividades para poder realizar de manera virtual. Desde que comenz\u00f3 la pandemia, y en el marco de las diferentes propuestas que la instituci\u00f3n comenz\u00f3 a ofrecer bajo el concepto #AMIAenCasa, se contin\u00faan poniendo a disposici\u00f3n de la comunidad y de la sociedad en su conjunto decenas de alternativas para hacer desde el hogar.<\/p>\n<p>La grilla dise\u00f1ada para octubre abarca desde clases de hebreo, cine jud\u00edo, herramientas de coaching hasta un curso sobre \u201cLa mujer en el juda\u00edsmo\u201d. A su vez, en alianza con el museo Yad Vashem, se realizar\u00e1 este mes una conferencia gratuita dedicada a analizar la vida de la comunidad jud\u00eda alemana en los a\u00f1os previos a 1933 y c\u00f3mo cambi\u00f3 tras el ascenso del nazismo.<\/p>\n<p><strong>Para participar de la programaci\u00f3n de octubre, las inscripciones se pueden realizar en cultura.amia.org.ar<\/strong><\/p>\n<p><strong>Las actividades propuestas son:<\/strong><br \/>\u201cCoaching: C\u00f3mo liderar tu vida en tiempos de crisis\u201d<br \/>En este espacio se brindar\u00e1n diferentes tips y herramientas para definir cu\u00e1l es la meta y c\u00f3mo estar alineado de forma mental y emocional para alcanzarla. Los encuentros, a cargo de Mat\u00edas Duek, ser\u00e1n el martes 13 y 20 de octubre.<\/p>\n<p><strong>\u201cLa mujer en el juda\u00edsmo\u201d<\/strong><br \/>El curso abordar\u00e1 la forma en la que la mujer se manifiesta en la Biblia y se centrar\u00e1 en las figuras que se destacaron tanto en la Tor\u00e1, as\u00ed como en la \u00e9poca de los profetas y los tiempos talm\u00fadicos, hasta llegar a la actualidad. Las clases, en las que disertar\u00e1 el mor\u00e9 Daniel Danilewicz, ser\u00e1n los mi\u00e9rcoles 14 y 21 de octubre.<\/p>\n<p><strong>\u201cJud\u00edos en Alemania 1933 -1938: Un comienzo cuyo final era desconocido\u201d<\/strong><br \/>Junto al museo de Yad Vashem, el jueves 15 de octubre, a las 16, se llevar\u00e1 a cabo una conferencia acerca de c\u00f3mo era la vida de la comunidad jud\u00eda en Alemania durante la Rep\u00fablica de Weimar (1918), hasta 1933, a\u00f1o en el que iniciaron los procesos de represi\u00f3n Nazi. Disertar\u00e1 Haya Feldman Glus, docente de Yad Vashem.<\/p>\n<p><strong>\u00bfA qu\u00e9 se llama \u201cpueblo jud\u00edo\u201d?<\/strong><br \/>El lunes 19 de octubre, a las 16, el Rab. Fishel Szlajen disertar\u00e1 sobre las bases diferenciales de la religi\u00f3n jud\u00eda respecto a otros pueblos y credos, a partir de las evidencias desde los tiempos b\u00edblicos hasta la actualidad.<\/p>\n<p><strong>\u201cCiclo de cine jud\u00edo virtual\u201d<\/strong><br \/>A partir del martes 20 de octubre hasta el jueves 12 de noviembre se realizar\u00e1 la tercera edici\u00f3n del \u201cCiclo de cine jud\u00edo virtual\u201d. Con curadur\u00eda de Luis Gutmann, fundador y director del Festival Internacional de Cine Jud\u00edo en Argentina.<\/p>\n<p><strong>\u201cHebreo virtual\u201d<\/strong><br \/>Las personas interesadas podr\u00e1n optar por la cursada en el nivel b\u00e1sico, medio o avanzado. Con una frecuencia semanal, el inicio est\u00e1 previsto para el jueves 29 de octubre y continuar\u00e1 hasta el 3 de diciembre. Con el mor\u00e9 Daniel Danilewicz.<\/p>\n","protected":false},"excerpt":{"rendered":"<p>El \u00e1rea de Cultura de AMIA sigue presentando una variada y completa agenda de actividades para poder realizar de manera virtual. Desde que comenz\u00f3 la pandemia, y en el marco de las diferentes propuestas que la instituci\u00f3n comenz\u00f3 a ofrecer bajo el concepto #AMIAenCasa, se contin\u00faan poniendo a disposici\u00f3n de la comunidad y de la [&hellip;]<\/p>\n","protected":false},"author":1,"featured_media":2643,"comment_status":"open","ping_status":"open","sticky":false,"template":"","format":"standard","meta":{"_et_pb_use_builder":"","_et_pb_old_content":"","_et_gb_content_width":"","footnotes":""},"categories":[11,33],"tags":[],"class_list":["post-2642","post","type-post","status-publish","format-standard","has-post-thumbnail","hentry","category-ciudad","category-sociedad-y-cultura-2"],"_links":{"self":[{"href":"https:\/\/vocesdebaires.com.ar\/index.php\/wp-json\/wp\/v2\/posts\/2642"}],"collection":[{"href":"https:\/\/vocesdebaires.com.ar\/index.php\/wp-json\/wp\/v2\/posts"}],"about":[{"href":"https:\/\/vocesdebaires.com.ar\/index.php\/wp-json\/wp\/v2\/types\/post"}],"author":[{"embeddable":true,"href":"https:\/\/vocesdebaires.com.ar\/index.php\/wp-json\/wp\/v2\/users\/1"}],"replies":[{"embeddable":true,"href":"https:\/\/vocesdebaires.com.ar\/index.php\/wp-json\/wp\/v2\/comments?post=2642"}],"version-history":[{"count":0,"href":"https:\/\/vocesdebaires.com.ar\/index.php\/wp-json\/wp\/v2\/posts\/2642\/revisions"}],"wp:featuredmedia":[{"embeddable":true,"href":"https:\/\/vocesdebaires.com.ar\/index.php\/wp-json\/wp\/v2\/media\/2643"}],"wp:attachment":[{"href":"https:\/\/vocesdebaires.com.ar\/index.php\/wp-json\/wp\/v2\/media?parent=2642"}],"wp:term":[{"taxonomy":"category","embeddable":true,"href":"https:\/\/vocesdebaires.com.ar\/index.php\/wp-json\/wp\/v2\/categories?post=2642"},{"taxonomy":"post_tag","embeddable":true,"href":"https:\/\/vocesdebaires.com.ar\/index.php\/wp-json\/wp\/v2\/tags?post=2642"}],"curies":[{"name":"wp","href":"https:\/\/api.w.org\/{rel}","templated":true}]}}