{"id":26429,"date":"2014-07-14T12:47:15","date_gmt":"2014-07-14T15:47:15","guid":{"rendered":"http:\/\/vocesdebaires.com.ar\/wordpress\/index.php\/2014\/07\/14\/acto-por-el-dia-internacional-de-las-cooperativas-2\/"},"modified":"2014-07-14T12:47:15","modified_gmt":"2014-07-14T15:47:15","slug":"acto-por-el-dia-internacional-de-las-cooperativas-2","status":"publish","type":"post","link":"https:\/\/vocesdebaires.com.ar\/index.php\/2014\/07\/14\/acto-por-el-dia-internacional-de-las-cooperativas-2\/","title":{"rendered":"Acto por el D\u00eda Internacional de las Cooperativas"},"content":{"rendered":"<p><span style=\"line-height: 1.3em;\">La Legislatura de la Ciudad Aut\u00f3noma de Buenos Aires declar\u00f3 de inter\u00e9s en materia de cooperativismo y educaci\u00f3n, el juego de mesa \u201cCoopolis\u201d, de la Cooperativa de Trabajo Proyecto Factorial Limitada, por sus aportes a la difusi\u00f3n de los valores de la cooperaci\u00f3n, la solidaridad y el trabajo colectivo. La iniciativa fue aprobada en la sesi\u00f3n del 15 de mayo pasado.<\/span><\/p>\n<p>El diputado Edgardo Form (NE), autor de la iniciativa, expres\u00f3 que \u00abel primer s\u00e1bado de julio se celebra en todo el mundo el D\u00eda Internacional de las cooperativas desde hace 92 a\u00f1os y desde hace 20 por disposici\u00f3n de las Naciones Unidas. Es un momento compartido por mil millones de cooperativistas para valorizar los logros de la econom\u00eda solidaria y asumir nuevos desaf\u00edos, con el objetivo de contribuir a la construcci\u00f3n de una sociedad justa, humanitaria y basada en el principio de la solidaridad\u00bb.<\/p>\n<p>Integraron el panel junto a Form, el presidente de la Confederaci\u00f3n de cooperativas de la Rep\u00fablica Argentina, Ariel Guarco y la presidenta del Comit\u00e9 de Juventud de la Alianza Cooperativa Internacional, Gabriela Buffa. Por su parte, la j\u00f3ven se refiri\u00f3 a la tarea cotidiana de los j\u00f3venes en \u201cacompa\u00f1amiento de los procesos de las federaciones, \u00a0adem\u00e1s de mantener los v\u00ednculos con organizaciones sociales y universidades\u201d, adem\u00e1s destac\u00f3 la tarea de muchas cooperativas que por ejemplo \u201corganizan centros culturales o bachilleratos populares, valorables en tanto servicios y espacios p\u00fablicos\u201d.<\/p>\n<p>Luego Guarco agradeci\u00f3 \u201ca Form por su compromiso con el movimiento cooperativista y su trabajo a favor de \u00e9ste desde el lugar pol\u00edtico que actualmente ocupa\u201d, inform\u00f3 que \u201choy se realiz\u00f3 una asamblea de la Confederaci\u00f3n con la participaci\u00f3n hist\u00f3rica de 60 federaciones de cooperativas\u201d y finalmente \u00a0asegur\u00f3 que \u201cel movimiento puede estar tranquilo por el compromiso, preparaci\u00f3n y voluntad para cambiar la sociedad que tienen los j\u00f3venes cooperativistas\u201d. Estuvieron presentes tambi\u00e9n el presidente del Instituto Movilizador de Fondos Cooperativos, Rub\u00e9n C\u00f3rdoba y el presidente del Instituto de Promoci\u00f3n de la Econom\u00eda Solidaria, Rodolfo Mangas.<\/p>\n<p><span style=\"line-height: 1.3em;\">Coopolis es un juego de mesa desarrollado por la Cooperativa de Trabajo Proyecto Factorial Limitada de la Ciudad de Buenos Aires. Con \u00e9l, se busca jugar a hacer una cooperativa en forma exitosa y ese objetivo se logra a partir del trabajo colectivo de todos los participantes. Asimismo, se busca que quienes juegan puedan desarrollar una econom\u00eda cooperativa en su comunidad, a partir de decisiones colectivas que deben tomar con el correr del juego.<\/span><span style=\"line-height: 1.3em;\">\u00abResulta trascendental el desarrollo y promoci\u00f3n de este tipo de recursos para el trabajo de tem\u00e1ticas como es el cooperativismo. Se trata de un recurso did\u00e1ctico y l\u00fadico que sabe condensar no s\u00f3lo la posibilidad de que quienes juegan se propongan armar una cooperativa, sino que vivencien la experiencia de la toma de decisiones colectiva y los desaf\u00edos que se plantean\u00bb, sostienen los fundamentos del proyecto. <\/span><\/p>\n<p><span style=\"line-height: 1.3em;\">Foto : Panel integrado (de izq. a der.) por el presidente de la Confederaci\u00f3n de cooperativas de la Rep\u00fablica Argentina, Ariel Guarco, el diputado Edgardo Form (NE) y la presidenta del Comit\u00e9 de Juventud de la Alianza Cooperativa Internacional, Gabriela Buffa<\/span><\/p>\n","protected":false},"excerpt":{"rendered":"<p>La Legislatura de la Ciudad Aut\u00f3noma de Buenos Aires declar\u00f3 de inter\u00e9s en materia de cooperativismo y educaci\u00f3n, el juego de mesa \u201cCoopolis\u201d, de la Cooperativa de Trabajo Proyecto Factorial Limitada, por sus aportes a la difusi\u00f3n de los valores de la cooperaci\u00f3n, la solidaridad y el trabajo colectivo. La iniciativa fue aprobada en la [&hellip;]<\/p>\n","protected":false},"author":2,"featured_media":23923,"comment_status":"open","ping_status":"open","sticky":false,"template":"","format":"standard","meta":{"_et_pb_use_builder":"","_et_pb_old_content":"","_et_gb_content_width":"","footnotes":""},"categories":[11,44],"tags":[],"class_list":["post-26429","post","type-post","status-publish","format-standard","has-post-thumbnail","hentry","category-ciudad","category-funcionarios-de-la-caba"],"_links":{"self":[{"href":"https:\/\/vocesdebaires.com.ar\/index.php\/wp-json\/wp\/v2\/posts\/26429"}],"collection":[{"href":"https:\/\/vocesdebaires.com.ar\/index.php\/wp-json\/wp\/v2\/posts"}],"about":[{"href":"https:\/\/vocesdebaires.com.ar\/index.php\/wp-json\/wp\/v2\/types\/post"}],"author":[{"embeddable":true,"href":"https:\/\/vocesdebaires.com.ar\/index.php\/wp-json\/wp\/v2\/users\/2"}],"replies":[{"embeddable":true,"href":"https:\/\/vocesdebaires.com.ar\/index.php\/wp-json\/wp\/v2\/comments?post=26429"}],"version-history":[{"count":0,"href":"https:\/\/vocesdebaires.com.ar\/index.php\/wp-json\/wp\/v2\/posts\/26429\/revisions"}],"wp:featuredmedia":[{"embeddable":true,"href":"https:\/\/vocesdebaires.com.ar\/index.php\/wp-json\/wp\/v2\/media\/23923"}],"wp:attachment":[{"href":"https:\/\/vocesdebaires.com.ar\/index.php\/wp-json\/wp\/v2\/media?parent=26429"}],"wp:term":[{"taxonomy":"category","embeddable":true,"href":"https:\/\/vocesdebaires.com.ar\/index.php\/wp-json\/wp\/v2\/categories?post=26429"},{"taxonomy":"post_tag","embeddable":true,"href":"https:\/\/vocesdebaires.com.ar\/index.php\/wp-json\/wp\/v2\/tags?post=26429"}],"curies":[{"name":"wp","href":"https:\/\/api.w.org\/{rel}","templated":true}]}}