{"id":26431,"date":"2014-07-14T13:18:28","date_gmt":"2014-07-14T16:18:28","guid":{"rendered":"http:\/\/vocesdebaires.com.ar\/wordpress\/index.php\/2014\/07\/14\/vidalse-viene-el-cambio-en-la-provincia-2\/"},"modified":"2014-07-14T13:18:28","modified_gmt":"2014-07-14T16:18:28","slug":"vidalse-viene-el-cambio-en-la-provincia-2","status":"publish","type":"post","link":"https:\/\/vocesdebaires.com.ar\/index.php\/2014\/07\/14\/vidalse-viene-el-cambio-en-la-provincia-2\/","title":{"rendered":"Vidal:\u201cSe viene el cambio en la Provincia\u201d"},"content":{"rendered":"<p><span style=\"line-height: 1.3em;\"> La referente del Pro Mar\u00eda Eugenia Vidal visit\u00f3 la ciudad de Vedia y asegur\u00f3 que \u201cla inseguridad ya no es s\u00f3lo un problema del conurbano, sino que ha llegado a ciudades del interior de la provincia de Buenos Aires, donde la gente hace 15 a\u00f1os viv\u00eda tranquila\u201d.<\/span><span style=\"line-height: 1.3em;\">\u00abCuando veo una campa\u00f1a como Buenos Aires Activa o el museo del MAR y llego a ciudades como Vedia y veo que las becas para los chicos con discapacidades no alcanzan, me doy cuenta de que hay algo que no se est\u00e1 priorizando bien\u00bb, explic\u00f3 Vidal. \u00abComo est\u00e1 pasando en toda la Argentina, se viene tambi\u00e9n un tiempo de cambio en la Provincia\u00bb, manifest\u00f3.<\/span><\/p>\n<p><span style=\"line-height: 1.3em;\">\u00abMucha gente que no participaba de la pol\u00edtica se empieza a involucrar y se empieza a querer elegir algo distinto. Con los mismos de siempre vamos a tener los mismos resultados; si apostamos a gente distinta, vamos a tener resultados distintos\u201d, se\u00f1al\u00f3.<\/span><\/p>\n<p><span style=\"line-height: 1.3em;\">Acompa\u00f1ada por el referente local Octavio Zulueta, la dirigente Pro opin\u00f3 sobre la implementaci\u00f3n de las polic\u00edas locales: \u201cEstamos de acuerdo, nosotros ya lo hicimos en la Ciudad, sabemos c\u00f3mo hacerlo y lo podemos hacer en la Provincia\u201d. <\/span><span style=\"line-height: 1.3em;\">Vidal visit\u00f3 la escuela rural Remedios de Escalada de San Mart\u00edn y el Jard\u00edn Eva Duarte de Per\u00f3n, ubicados en el barrio El Humo. Continuar\u00e1 con sus recorridas por territorio bonaerense el lunes pr\u00f3ximo en Avellaneda donde mantendr\u00e1 una reuni\u00f3n con el Presidente de la Uni\u00f3n Industrial de Avellaneda.<\/span><\/p>\n","protected":false},"excerpt":{"rendered":"<p>La referente del Pro Mar\u00eda Eugenia Vidal visit\u00f3 la ciudad de Vedia y asegur\u00f3 que \u201cla inseguridad ya no es s\u00f3lo un problema del conurbano, sino que ha llegado a ciudades del interior de la provincia de Buenos Aires, donde la gente hace 15 a\u00f1os viv\u00eda tranquila\u201d.\u00abCuando veo una campa\u00f1a como Buenos Aires Activa o [&hellip;]<\/p>\n","protected":false},"author":2,"featured_media":23927,"comment_status":"open","ping_status":"open","sticky":false,"template":"","format":"standard","meta":{"_et_pb_use_builder":"","_et_pb_old_content":"","_et_gb_content_width":"","footnotes":""},"categories":[11,44],"tags":[],"class_list":["post-26431","post","type-post","status-publish","format-standard","has-post-thumbnail","hentry","category-ciudad","category-funcionarios-de-la-caba"],"_links":{"self":[{"href":"https:\/\/vocesdebaires.com.ar\/index.php\/wp-json\/wp\/v2\/posts\/26431"}],"collection":[{"href":"https:\/\/vocesdebaires.com.ar\/index.php\/wp-json\/wp\/v2\/posts"}],"about":[{"href":"https:\/\/vocesdebaires.com.ar\/index.php\/wp-json\/wp\/v2\/types\/post"}],"author":[{"embeddable":true,"href":"https:\/\/vocesdebaires.com.ar\/index.php\/wp-json\/wp\/v2\/users\/2"}],"replies":[{"embeddable":true,"href":"https:\/\/vocesdebaires.com.ar\/index.php\/wp-json\/wp\/v2\/comments?post=26431"}],"version-history":[{"count":0,"href":"https:\/\/vocesdebaires.com.ar\/index.php\/wp-json\/wp\/v2\/posts\/26431\/revisions"}],"wp:featuredmedia":[{"embeddable":true,"href":"https:\/\/vocesdebaires.com.ar\/index.php\/wp-json\/wp\/v2\/media\/23927"}],"wp:attachment":[{"href":"https:\/\/vocesdebaires.com.ar\/index.php\/wp-json\/wp\/v2\/media?parent=26431"}],"wp:term":[{"taxonomy":"category","embeddable":true,"href":"https:\/\/vocesdebaires.com.ar\/index.php\/wp-json\/wp\/v2\/categories?post=26431"},{"taxonomy":"post_tag","embeddable":true,"href":"https:\/\/vocesdebaires.com.ar\/index.php\/wp-json\/wp\/v2\/tags?post=26431"}],"curies":[{"name":"wp","href":"https:\/\/api.w.org\/{rel}","templated":true}]}}