{"id":26433,"date":"2014-07-14T14:10:31","date_gmt":"2014-07-14T17:10:31","guid":{"rendered":"http:\/\/vocesdebaires.com.ar\/wordpress\/index.php\/2014\/07\/14\/el-mensaje-de-los-jugadores-2\/"},"modified":"2014-07-14T14:10:31","modified_gmt":"2014-07-14T17:10:31","slug":"el-mensaje-de-los-jugadores-2","status":"publish","type":"post","link":"https:\/\/vocesdebaires.com.ar\/index.php\/2014\/07\/14\/el-mensaje-de-los-jugadores-2\/","title":{"rendered":"El mensaje de los jugadores"},"content":{"rendered":"<p><span style=\"line-height: 1.3em;\">La alegr\u00eda se escap\u00f3 en el alargue. Argentina tuvo cuatro situaciones claras que pudieron cambiar la historia de la final del Mundial. Pero Higua\u00edn, Messi, Ag\u00fcero y Palacio no estuvieron precisos para definir. Alemania aprovech\u00f3 la \u00fanica desatenci\u00f3n nacional en defensa y G\u00f6tze no perdon\u00f3. Terminado el partido, algunos integrantes de la Selecci\u00f3n se lamentaron por haber perdido, pero se mostraron orgullosos por el equipo y el apoyo de la gente.<\/span><\/p>\n<p><span style=\"line-height: 1.3em;\">Javier Mascherano<\/span><\/p>\n<p><span style=\"line-height: 1.3em;\">\u201cEl dolor va a ser de por vida. Era nuestra oportunidad. El f\u00fatbol tiene esto. Habr\u00e1 que levantar la cabeza y tratar de soportar este dolor\u201d.<\/span><span style=\"line-height: 1.3em;\">\u201cEs dif\u00edcil de explicar. Pusimos todo para ganar. Tuvimos las mejores chances. Dimos hasta donde nos aguant\u00f3 el f\u00edsico. Es inmenso el dolor. Quer\u00edamos llevar la copa a Argentina. Nos vaciamos. Dimos lo que pudimos y lo lamento por nosotros y por la gente. No tuvimos esa cuota de suerte y se quedaron con la Copa\u201d.<\/span><span style=\"line-height: 1.3em;\">\u201cEstoy orgullo de haber vivido esto. Representamos al pa\u00eds de la mejor manera. Dimos todo\u201d. <\/span><\/p>\n<p><span style=\"line-height: 1.3em;\">Mart\u00edn Demichelis<\/span><\/p>\n<p><span style=\"line-height: 1.3em;\">\u201cUn dolor grande, profundo e inmenso. Creo que de alguna manera val\u00eda la pena perder con la frente alta, morir de pie. Un gran partido ante el campe\u00f3n, nos falt\u00f3 sacar esa \u00faltima pelota\u201d.<\/span><span style=\"line-height: 1.3em;\">\u201cEstuvimos a la altura en la final. Salimos a buscarlo en los cambios. Confi\u00e1bamos en que lo pod\u00edas ganar. No pens\u00e1bamos que pod\u00edamos perder\u201d.<\/span><span style=\"line-height: 1.3em;\">\u201cLes pedimos disculpas a la gente, porque nos apoyaron en todo momento\u201d.<\/span><\/p>\n<p><span style=\"line-height: 1.3em;\">Lucas Biglia<\/span><\/p>\n<p><span style=\"line-height: 1.3em;\">\u201cPareciera que todo lo que hicimos no sirvi\u00f3 de nada. Nos quedamos con las ganas. Hicimos las cosas muy bien, pero los peque\u00f1os errores se pagan. Hoy fue en contra nuestro. Falt\u00f3 meterla adentro. Tuvimos situaciones\u201d.<\/span><span style=\"line-height: 1.3em;\">\u201cLo sentimos mucho. Faltando cinco minutos, me acalambraba. Las ganas me llegaban a querer seguir\u201d.<\/span><span style=\"line-height: 1.3em;\">\u201cLa decepci\u00f3n es grand\u00edsima. Lo del los hinchas servir\u00e1 y sentimos el apoyo, pero no tenemos consuelo. Nos falt\u00f3 esa cuotita de suerte\u201d.<\/span><\/p>\n<p><span style=\"line-height: 1.3em;\">Sergio Romero<\/span><\/p>\n<p><span style=\"line-height: 1.3em;\">\u201cLo que acompa\u00f1\u00f3 la gente fue incre\u00edble, desde el partido con Bosnia hasta hoy estuvo lleno de argentinos en todas las ciudades donde estuvimos, en todo el Mundial. Nos deber\u00edamos juntar todos los jugadores y aplaudir a la gente de nuestro pa\u00eds\u201d.<\/span><span style=\"line-height: 1.3em;\">\u201cQuer\u00edamos devolver un poco de felicidad a nuestro pueblo, no pudimos. Nos hubiese gustado irnos con otra cara, pero en f\u00fatbol gana uno y les toc\u00f3 a ellos lamentablemente\u201d.<\/span><span style=\"line-height: 1.3em;\">\u201cNos hicieron el gol en el alargue pero seguimos corriendo para llegar a los penales. Aplaudir a los muchachos que hicieron un gran desgate. Hay que mantener la cabeza en alto a pesar de la derrota porque dejamos el coraz\u00f3n en la cancha. Dejamos todo, el entrenador hizo grandes planteos\u201d.<\/span><span style=\"line-height: 1.3em;\">\u201cEsperemos que, en lo que viene, a la Selecci\u00f3n se la siga viendo como lo que es, un grande. Y en base a eso construir el futuro. El f\u00fatbol da revancha a cada instante. Tenemos que mentalizarnos de nuevo en que las cosas que se hicieron bien se pueden repetir y lo que se hizo mal se puede mejorar\u201d.<\/span><\/p>\n<p><span style=\"line-height: 1.3em;\">Lionel Messi<\/span><\/p>\n<p><span style=\"line-height: 1.3em;\">\u00abEl Bal\u00f3n de Oro significa muy poco para m\u00ed en este momento\u00bb. <\/span><span style=\"line-height: 1.3em;\">\u201cEs un dolor grande, jug\u00e1bamos algo importante, el pa\u00eds estaba pendiente y quer\u00edamos darle esta alegr\u00eda. Por ellos y por nosotros&#8230; En lo personal viv\u00ed muchas tristeza con la Selecci\u00f3n, esta era la oportunidad de cambio&#8230; Una l\u00e1stima no volver con la Copa, pero volvemos con la frente bien alta. Nos podemos ir tranquilos del Mundial\u00bb.<\/span><span style=\"line-height: 1.3em;\">\u201cCreo que venimos de muchos a\u00f1os de no pasar cuartos&#8230; Jugar la final de igual a igual contra una gran selecci\u00f3n&#8230; Merecimos un poco m\u00e1s, hoy los de arriba no supimos definirlo, tuvimos todos ocasiones\u00bb.<\/span><span style=\"line-height: 1.3em;\">\u201cS\u00f3lo quer\u00eda levantar la Copa y llevarla para Argentina. Merecimos m\u00e1s. Si bien no te da nada, nos podemos ir tranquilos. Si hubi\u00e9semos hecho un gol cambiaba el partido. Ellos manejaron m\u00e1s la pelota, pero las situaciones m\u00e1s claras fueron nuestras\u201d.<\/span><\/p>\n","protected":false},"excerpt":{"rendered":"<p>La alegr\u00eda se escap\u00f3 en el alargue. Argentina tuvo cuatro situaciones claras que pudieron cambiar la historia de la final del Mundial. Pero Higua\u00edn, Messi, Ag\u00fcero y Palacio no estuvieron precisos para definir. Alemania aprovech\u00f3 la \u00fanica desatenci\u00f3n nacional en defensa y G\u00f6tze no perdon\u00f3. Terminado el partido, algunos integrantes de la Selecci\u00f3n se lamentaron [&hellip;]<\/p>\n","protected":false},"author":2,"featured_media":23931,"comment_status":"open","ping_status":"open","sticky":false,"template":"","format":"standard","meta":{"_et_pb_use_builder":"","_et_pb_old_content":"","_et_gb_content_width":"","footnotes":""},"categories":[14,50],"tags":[],"class_list":["post-26433","post","type-post","status-publish","format-standard","has-post-thumbnail","hentry","category-deportes","category-futbol-internacional-2"],"_links":{"self":[{"href":"https:\/\/vocesdebaires.com.ar\/index.php\/wp-json\/wp\/v2\/posts\/26433"}],"collection":[{"href":"https:\/\/vocesdebaires.com.ar\/index.php\/wp-json\/wp\/v2\/posts"}],"about":[{"href":"https:\/\/vocesdebaires.com.ar\/index.php\/wp-json\/wp\/v2\/types\/post"}],"author":[{"embeddable":true,"href":"https:\/\/vocesdebaires.com.ar\/index.php\/wp-json\/wp\/v2\/users\/2"}],"replies":[{"embeddable":true,"href":"https:\/\/vocesdebaires.com.ar\/index.php\/wp-json\/wp\/v2\/comments?post=26433"}],"version-history":[{"count":0,"href":"https:\/\/vocesdebaires.com.ar\/index.php\/wp-json\/wp\/v2\/posts\/26433\/revisions"}],"wp:featuredmedia":[{"embeddable":true,"href":"https:\/\/vocesdebaires.com.ar\/index.php\/wp-json\/wp\/v2\/media\/23931"}],"wp:attachment":[{"href":"https:\/\/vocesdebaires.com.ar\/index.php\/wp-json\/wp\/v2\/media?parent=26433"}],"wp:term":[{"taxonomy":"category","embeddable":true,"href":"https:\/\/vocesdebaires.com.ar\/index.php\/wp-json\/wp\/v2\/categories?post=26433"},{"taxonomy":"post_tag","embeddable":true,"href":"https:\/\/vocesdebaires.com.ar\/index.php\/wp-json\/wp\/v2\/tags?post=26433"}],"curies":[{"name":"wp","href":"https:\/\/api.w.org\/{rel}","templated":true}]}}