{"id":26437,"date":"2014-07-15T13:14:32","date_gmt":"2014-07-15T16:14:32","guid":{"rendered":"http:\/\/vocesdebaires.com.ar\/wordpress\/index.php\/2014\/07\/15\/vidal-explico-consultada-sobre-los-desmanes-2\/"},"modified":"2014-07-15T13:14:32","modified_gmt":"2014-07-15T16:14:32","slug":"vidal-explico-consultada-sobre-los-desmanes-2","status":"publish","type":"post","link":"https:\/\/vocesdebaires.com.ar\/index.php\/2014\/07\/15\/vidal-explico-consultada-sobre-los-desmanes-2\/","title":{"rendered":"Vidal: Explic\u00f3 consultada sobre los desmanes"},"content":{"rendered":"<p><span style=\"line-height: 1.3em;\"> La referente del Pro Mar\u00eda Eugenia Vidal visit\u00f3 hoy la ciudad de Avellaneda donde realiz\u00f3 diferentes actividades con vecinos y lament\u00f3 que \u201calgunos violentos quieran empa\u00f1ar un festejo que es de todos\u201d en referencia a los disturbios que tuvieron lugar ayer en el Obelisco.<\/span><span style=\"line-height: 1.3em;\">\u201cCuando uno tiene una responsabilidad no tiene echarle la culpa a otro, debe hacerse cargo. Se acord\u00f3 que la jefatura del operativo iba a ser de la Polic\u00eda Federal y la Polic\u00eda Metropolitana estuvo ah\u00ed acompa\u00f1ando e interviniendo ante los disturbios\u201d, explic\u00f3 Vidal consultada sobre los desmanes.<\/span><\/p>\n<p><span style=\"line-height: 1.3em;\">Esta tarde en Avellaneda la dirigente del Pro se\u00f1al\u00f3 que \u201cla pol\u00edtica se hace yendo a la casa de los vecinos, habl\u00e1ndoles a la cara, viendo los problemas desde donde suceden y no desde el escritorio. El desaf\u00edo en la Provincia es cambiar la manera de gobernar y de hacer pol\u00edtica que est\u00e1 a la vista que no da resultados\u201d.<\/span><span style=\"line-height: 1.3em;\">Luego de visitar el merendero Luz Matinal en Dock Sud, Vidal reiter\u00f3 su visi\u00f3n sobre la Provincia de Buenos Aires: \u201cEsta Provincia tiene todo: campo, industria, turismo y una enorme capacidad de ponerse de pie. Y tiene a los bonaerenses, que la pelean todos los d\u00edas enfrentando la inseguridad y la falta de infraestructura. Imag\u00ednense lo que podr\u00edan hacer con un Estado que los acompa\u00f1e\u201d.<\/span><\/p>\n<p><span style=\"line-height: 1.3em;\">Las recorridas de Vidal por territorio bonaerense contin\u00faan a buen ritmo. Esta semana estar\u00e1 en dos importantes distritos del Conurbano Bonaerense como Lomas de Zamora y Tigre. Y en dos distritos del interior de la provincia: San Nicol\u00e1s y San Andr\u00e9s de Giles.<\/span><\/p>\n","protected":false},"excerpt":{"rendered":"<p>La referente del Pro Mar\u00eda Eugenia Vidal visit\u00f3 hoy la ciudad de Avellaneda donde realiz\u00f3 diferentes actividades con vecinos y lament\u00f3 que \u201calgunos violentos quieran empa\u00f1ar un festejo que es de todos\u201d en referencia a los disturbios que tuvieron lugar ayer en el Obelisco.\u201cCuando uno tiene una responsabilidad no tiene echarle la culpa a otro, [&hellip;]<\/p>\n","protected":false},"author":2,"featured_media":23939,"comment_status":"open","ping_status":"open","sticky":false,"template":"","format":"standard","meta":{"_et_pb_use_builder":"","_et_pb_old_content":"","_et_gb_content_width":"","footnotes":""},"categories":[11,44],"tags":[],"class_list":["post-26437","post","type-post","status-publish","format-standard","has-post-thumbnail","hentry","category-ciudad","category-funcionarios-de-la-caba"],"_links":{"self":[{"href":"https:\/\/vocesdebaires.com.ar\/index.php\/wp-json\/wp\/v2\/posts\/26437"}],"collection":[{"href":"https:\/\/vocesdebaires.com.ar\/index.php\/wp-json\/wp\/v2\/posts"}],"about":[{"href":"https:\/\/vocesdebaires.com.ar\/index.php\/wp-json\/wp\/v2\/types\/post"}],"author":[{"embeddable":true,"href":"https:\/\/vocesdebaires.com.ar\/index.php\/wp-json\/wp\/v2\/users\/2"}],"replies":[{"embeddable":true,"href":"https:\/\/vocesdebaires.com.ar\/index.php\/wp-json\/wp\/v2\/comments?post=26437"}],"version-history":[{"count":0,"href":"https:\/\/vocesdebaires.com.ar\/index.php\/wp-json\/wp\/v2\/posts\/26437\/revisions"}],"wp:featuredmedia":[{"embeddable":true,"href":"https:\/\/vocesdebaires.com.ar\/index.php\/wp-json\/wp\/v2\/media\/23939"}],"wp:attachment":[{"href":"https:\/\/vocesdebaires.com.ar\/index.php\/wp-json\/wp\/v2\/media?parent=26437"}],"wp:term":[{"taxonomy":"category","embeddable":true,"href":"https:\/\/vocesdebaires.com.ar\/index.php\/wp-json\/wp\/v2\/categories?post=26437"},{"taxonomy":"post_tag","embeddable":true,"href":"https:\/\/vocesdebaires.com.ar\/index.php\/wp-json\/wp\/v2\/tags?post=26437"}],"curies":[{"name":"wp","href":"https:\/\/api.w.org\/{rel}","templated":true}]}}