{"id":26438,"date":"2014-07-15T13:27:13","date_gmt":"2014-07-15T16:27:13","guid":{"rendered":"http:\/\/vocesdebaires.com.ar\/wordpress\/index.php\/2014\/07\/15\/personalidades-destacadas-a-jugadores-de-la-seleccion-2\/"},"modified":"2014-07-15T13:27:13","modified_gmt":"2014-07-15T16:27:13","slug":"personalidades-destacadas-a-jugadores-de-la-seleccion-2","status":"publish","type":"post","link":"https:\/\/vocesdebaires.com.ar\/index.php\/2014\/07\/15\/personalidades-destacadas-a-jugadores-de-la-seleccion-2\/","title":{"rendered":"Personalidades Destacadas  a jugadores de la selecci\u00f3n"},"content":{"rendered":"<p><span style=\"line-height: 1.3em;\">El Vicepresidente 1\u00b0 de la Legislatura, Cristian Ritondo, junto a su compa\u00f1ero del Bloque PRO, diputado Roberto Quattromano, pretenden distinguir como Personalidades Destacadas del Deporte de la Ciudad a jugadores y cuerpo t\u00e9cnico del seleccionado argentino de f\u00fatbol, reciente Subcampe\u00f3n de la Copa del Mundo Brasil 2014. <\/span><span style=\"line-height: 1.3em;\">Al respecto, Cristian Ritondo expres\u00f3 \u00a0que \u00aben nuestra selecci\u00f3n se destaca por un juego de pases y llegadas al \u00e1rea rival con mucha contundencia, distingui\u00e9ndose el tridente ofensivo con Messi, Ag\u00fcero e Higua\u00edn, la continua acometida de Di Mar\u00eda, la capitan\u00eda sin cinta de Javier Mascherano, la entrega de Marcos Rojo y las atajadas de Sergio Romero, todos al mando de su Director T\u00e9cnico, Alejandro Sabella\u00bb.<\/span><\/p>\n<p><span style=\"line-height: 1.3em;\">Agreg\u00f3 \u00abse puede destacar la revelaci\u00f3n definitiva de varios jugadores en la selecci\u00f3n mayor, como es el acentuado caso de Lionel Messi, quien fue distinguido como mejor jugador del Mundial con el \u00abBal\u00f3n de Oro\u00bb.<\/span><span style=\"line-height: 1.3em;\">\u00abPese a la derrota en la final, el equipo argentino supo representar a nuestro pa\u00eds de la mejor forma, actuando con total responsabilidad y profesionalismo y destacando los valores del fair play y deportivismo que el f\u00fatbol necesita\u00bb, finaliz\u00f3. <\/span><\/p>\n<p><span style=\"line-height: 1.3em;\">En la Copa del Mundo, llevada a cabo en Brasil desde el 12 de junio hasta el 13 de julio de este a\u00f1o, el seleccionado qued\u00f3 encuadrado en el grupo F, con Bosnia-Herzegovina (2-1), Ir\u00e1n (1-0) y Nigeria (3-2). El combinado argentino gan\u00f3 sus tres encuentros y se clasific\u00f3 como primera de grupo para las eliminatorias. Tras ganar en Octavos a Suiza (1-0) en el tiempo suplementario con gol de Di Mar\u00eda y en Cuartos a B\u00e9lgica (1-0) con gol de Gonzalo Higua\u00edn, lleg\u00f3 a las semifinales luego de 24 a\u00f1os. En dicha instancia, Argentina empat\u00f3 0 a 0 contra Holanda, en tiempo extra. Al llegar a los penales, le gan\u00f3 4 a 2, con atajadas sobresalientes de Sergio Romero a Ron Vlaar y Wesley Sneijder, llevando a la Argentina a la final ante Alemania en el Estadio Maracan\u00e1. El pasado domingo, el combinado nacional perdi\u00f3 1 a 0 frente a los teutones, quedando as\u00ed sin chances de obtener su tercer t\u00edtulo mundial.<\/span><\/p>\n<p><span style=\"line-height: 1.3em;\">Vale destacar que, concluida la competici\u00f3n, el seleccionado argentino arrib\u00f3 al pa\u00eds y al trasladarse hasta el predio que la Asociaci\u00f3n de F\u00fatbol Argentino (AFA) posee en Ezeiza, fue escoltado por una caravana de simpatizantes que demostraron su apoyo y gratitud. Posteriormente, el plantel completo ser\u00eda recibido por la Presidente de la Naci\u00f3n, Cristina Fern\u00e1ndez de Kirchner. <\/span><\/p>\n","protected":false},"excerpt":{"rendered":"<p>El Vicepresidente 1\u00b0 de la Legislatura, Cristian Ritondo, junto a su compa\u00f1ero del Bloque PRO, diputado Roberto Quattromano, pretenden distinguir como Personalidades Destacadas del Deporte de la Ciudad a jugadores y cuerpo t\u00e9cnico del seleccionado argentino de f\u00fatbol, reciente Subcampe\u00f3n de la Copa del Mundo Brasil 2014. Al respecto, Cristian Ritondo expres\u00f3 \u00a0que \u00aben nuestra [&hellip;]<\/p>\n","protected":false},"author":2,"featured_media":23853,"comment_status":"open","ping_status":"open","sticky":false,"template":"","format":"standard","meta":{"_et_pb_use_builder":"","_et_pb_old_content":"","_et_gb_content_width":"","footnotes":""},"categories":[11,44],"tags":[],"class_list":["post-26438","post","type-post","status-publish","format-standard","has-post-thumbnail","hentry","category-ciudad","category-funcionarios-de-la-caba"],"_links":{"self":[{"href":"https:\/\/vocesdebaires.com.ar\/index.php\/wp-json\/wp\/v2\/posts\/26438"}],"collection":[{"href":"https:\/\/vocesdebaires.com.ar\/index.php\/wp-json\/wp\/v2\/posts"}],"about":[{"href":"https:\/\/vocesdebaires.com.ar\/index.php\/wp-json\/wp\/v2\/types\/post"}],"author":[{"embeddable":true,"href":"https:\/\/vocesdebaires.com.ar\/index.php\/wp-json\/wp\/v2\/users\/2"}],"replies":[{"embeddable":true,"href":"https:\/\/vocesdebaires.com.ar\/index.php\/wp-json\/wp\/v2\/comments?post=26438"}],"version-history":[{"count":0,"href":"https:\/\/vocesdebaires.com.ar\/index.php\/wp-json\/wp\/v2\/posts\/26438\/revisions"}],"wp:featuredmedia":[{"embeddable":true,"href":"https:\/\/vocesdebaires.com.ar\/index.php\/wp-json\/wp\/v2\/media\/23853"}],"wp:attachment":[{"href":"https:\/\/vocesdebaires.com.ar\/index.php\/wp-json\/wp\/v2\/media?parent=26438"}],"wp:term":[{"taxonomy":"category","embeddable":true,"href":"https:\/\/vocesdebaires.com.ar\/index.php\/wp-json\/wp\/v2\/categories?post=26438"},{"taxonomy":"post_tag","embeddable":true,"href":"https:\/\/vocesdebaires.com.ar\/index.php\/wp-json\/wp\/v2\/tags?post=26438"}],"curies":[{"name":"wp","href":"https:\/\/api.w.org\/{rel}","templated":true}]}}