{"id":26441,"date":"2014-07-16T13:40:16","date_gmt":"2014-07-16T16:40:16","guid":{"rendered":"http:\/\/vocesdebaires.com.ar\/wordpress\/index.php\/2014\/07\/16\/rodriguez-larreta-estuvo-en-la-legislatura-2\/"},"modified":"2014-07-16T13:40:16","modified_gmt":"2014-07-16T16:40:16","slug":"rodriguez-larreta-estuvo-en-la-legislatura-2","status":"publish","type":"post","link":"https:\/\/vocesdebaires.com.ar\/index.php\/2014\/07\/16\/rodriguez-larreta-estuvo-en-la-legislatura-2\/","title":{"rendered":"Rodr\u00edguez Larreta estuvo en la Legislatura"},"content":{"rendered":"<p><span style=\"line-height: 1.3em;\">Tras la sesi\u00f3n especial de ayer \u00a0con Horacio Rodr\u00edguez Larreta, el diputado Alejandro Bodart (MST-Nueva Izquierda) afirm\u00f3: \u201cHabl\u00f3 de &#8216;di\u00e1logo y consenso&#8217;, pero Mauricio Macri tiene el r\u00e9cord en vetar leyes e imponer decretazos contra las Comunas. Larreta tiene a su cargo el subte y por eso es responsable directo de los desastres que se hacen. No s\u00f3lo aumentan a la vez la tarifa y los subsidios, sino que compran vagones chatarra para la B que como son de distinta medida al and\u00e9n generan mayores gastos. Adem\u00e1s, reconoci\u00f3 que en vez de ampliar la L\u00ednea D hasta la General Paz como ordena la Ley 670 s\u00f3lo van a seguir poniendo metrob\u00fas.\u201d<\/span><\/p>\n<p>Como Larreta d\u00edas atr\u00e1s diferenci\u00f3 a Boudou de Macri y dijo que en este \u00faltimo caso \u00abla comisi\u00f3n investigadora legislativa dictamin\u00f3 que no hab\u00eda razones para juicio pol\u00edtico\u00bb, en la sesi\u00f3n Bodart lo refut\u00f3 leyendo el dictamen. Como Larreta reiter\u00f3 su postura, Bodart concluy\u00f3: \u201cVolvi\u00f3 a mentir. Si bien s\u00f3lo nuestro bloque pidi\u00f3 el juicio pol\u00edtico, el dictamen de la Comisi\u00f3n Investigadora estableci\u00f3 la responsabilidad de Macri en la red de escuchas ilegales y habilit\u00f3 el juicio pol\u00edtico pero el PRO y los K lo bloquearon. Mal jefe de gobierno ser\u00eda un mentiroso serial como Larreta.\u00bb<\/p>\n","protected":false},"excerpt":{"rendered":"<p>Tras la sesi\u00f3n especial de ayer \u00a0con Horacio Rodr\u00edguez Larreta, el diputado Alejandro Bodart (MST-Nueva Izquierda) afirm\u00f3: \u201cHabl\u00f3 de &#8216;di\u00e1logo y consenso&#8217;, pero Mauricio Macri tiene el r\u00e9cord en vetar leyes e imponer decretazos contra las Comunas. Larreta tiene a su cargo el subte y por eso es responsable directo de los desastres que se [&hellip;]<\/p>\n","protected":false},"author":2,"featured_media":14598,"comment_status":"open","ping_status":"open","sticky":false,"template":"","format":"standard","meta":{"_et_pb_use_builder":"","_et_pb_old_content":"","_et_gb_content_width":"","footnotes":""},"categories":[11,44],"tags":[],"class_list":["post-26441","post","type-post","status-publish","format-standard","has-post-thumbnail","hentry","category-ciudad","category-funcionarios-de-la-caba"],"_links":{"self":[{"href":"https:\/\/vocesdebaires.com.ar\/index.php\/wp-json\/wp\/v2\/posts\/26441"}],"collection":[{"href":"https:\/\/vocesdebaires.com.ar\/index.php\/wp-json\/wp\/v2\/posts"}],"about":[{"href":"https:\/\/vocesdebaires.com.ar\/index.php\/wp-json\/wp\/v2\/types\/post"}],"author":[{"embeddable":true,"href":"https:\/\/vocesdebaires.com.ar\/index.php\/wp-json\/wp\/v2\/users\/2"}],"replies":[{"embeddable":true,"href":"https:\/\/vocesdebaires.com.ar\/index.php\/wp-json\/wp\/v2\/comments?post=26441"}],"version-history":[{"count":0,"href":"https:\/\/vocesdebaires.com.ar\/index.php\/wp-json\/wp\/v2\/posts\/26441\/revisions"}],"wp:featuredmedia":[{"embeddable":true,"href":"https:\/\/vocesdebaires.com.ar\/index.php\/wp-json\/wp\/v2\/media\/14598"}],"wp:attachment":[{"href":"https:\/\/vocesdebaires.com.ar\/index.php\/wp-json\/wp\/v2\/media?parent=26441"}],"wp:term":[{"taxonomy":"category","embeddable":true,"href":"https:\/\/vocesdebaires.com.ar\/index.php\/wp-json\/wp\/v2\/categories?post=26441"},{"taxonomy":"post_tag","embeddable":true,"href":"https:\/\/vocesdebaires.com.ar\/index.php\/wp-json\/wp\/v2\/tags?post=26441"}],"curies":[{"name":"wp","href":"https:\/\/api.w.org\/{rel}","templated":true}]}}