{"id":26449,"date":"2014-07-17T13:40:24","date_gmt":"2014-07-17T16:40:24","guid":{"rendered":"http:\/\/vocesdebaires.com.ar\/wordpress\/index.php\/2014\/07\/17\/vidal-visito-san-isidro-2\/"},"modified":"2014-07-17T13:40:24","modified_gmt":"2014-07-17T16:40:24","slug":"vidal-visito-san-isidro-2","status":"publish","type":"post","link":"https:\/\/vocesdebaires.com.ar\/index.php\/2014\/07\/17\/vidal-visito-san-isidro-2\/","title":{"rendered":"Vidal visit\u00f3 San Isidro"},"content":{"rendered":"<p><span style=\"line-height: 1.3em;\">La referente del Pro Mar\u00eda Eugenia Vidal visit\u00f3 San Isidro, donde asegur\u00f3 que \u201cla idea de cambio est\u00e1 creciendo en todo el pa\u00eds\u201d.<\/span><span style=\"line-height: 1.3em;\">\u201cSomos distintos por lo que hacemos, en nuestra vida y en la gesti\u00f3n, y no por lo que decimos. El cambio de verdad incluye personas distintas y no a los mismos de siempre\u201d, se\u00f1al\u00f3 Vidal mientras asegur\u00f3 que \u201ccon Mauricio es posible cambiar esta realidad\u201d.<\/span><\/p>\n<p><span style=\"line-height: 1.3em;\">Acompa\u00f1ada por el referente local del PRO Guillermo Montenegro y por el diputado nacional Miguel del Sel, Vidal recorri\u00f3 las calle c\u00e9ntricas de San Isidro y la estaci\u00f3n de tren de Boulogne, donde dialog\u00f3 con vecinos y comerciantes. \u201cComo en otras ciudades, ac\u00e1 muchos nos expresaron su hartazgo; ya no quieren vivir de esta manera y quieren algo distinto\u201d, manifest\u00f3.<\/span><\/p>\n<p>\u201cHaciendo buena gesti\u00f3n, los resultados llegan. Si uno mira el metrob\u00fas, la Polic\u00eda Metropolitana, las obras contra las inundaciones, son todas cosas que le mejoran la vida a la gente. As\u00ed como lo hicimos en la Ciudad, tambi\u00e9n se pueden hacer en la provincia y en todo el pa\u00eds. Para eso tenemos un gran equipo y confiamos en Guillermo Montenegro para que sea el pr\u00f3ximo intendente de San Isidro\u201d, sostuvo Vidal. \u00a0<span style=\"line-height: 1.3em;\">Continuar\u00e1 con sus recorridas por territorio bonaerense <\/span><\/p>\n","protected":false},"excerpt":{"rendered":"<p>La referente del Pro Mar\u00eda Eugenia Vidal visit\u00f3 San Isidro, donde asegur\u00f3 que \u201cla idea de cambio est\u00e1 creciendo en todo el pa\u00eds\u201d.\u201cSomos distintos por lo que hacemos, en nuestra vida y en la gesti\u00f3n, y no por lo que decimos. El cambio de verdad incluye personas distintas y no a los mismos de siempre\u201d, [&hellip;]<\/p>\n","protected":false},"author":2,"featured_media":23959,"comment_status":"open","ping_status":"open","sticky":false,"template":"","format":"standard","meta":{"_et_pb_use_builder":"","_et_pb_old_content":"","_et_gb_content_width":"","footnotes":""},"categories":[11,44],"tags":[],"class_list":["post-26449","post","type-post","status-publish","format-standard","has-post-thumbnail","hentry","category-ciudad","category-funcionarios-de-la-caba"],"_links":{"self":[{"href":"https:\/\/vocesdebaires.com.ar\/index.php\/wp-json\/wp\/v2\/posts\/26449"}],"collection":[{"href":"https:\/\/vocesdebaires.com.ar\/index.php\/wp-json\/wp\/v2\/posts"}],"about":[{"href":"https:\/\/vocesdebaires.com.ar\/index.php\/wp-json\/wp\/v2\/types\/post"}],"author":[{"embeddable":true,"href":"https:\/\/vocesdebaires.com.ar\/index.php\/wp-json\/wp\/v2\/users\/2"}],"replies":[{"embeddable":true,"href":"https:\/\/vocesdebaires.com.ar\/index.php\/wp-json\/wp\/v2\/comments?post=26449"}],"version-history":[{"count":0,"href":"https:\/\/vocesdebaires.com.ar\/index.php\/wp-json\/wp\/v2\/posts\/26449\/revisions"}],"wp:featuredmedia":[{"embeddable":true,"href":"https:\/\/vocesdebaires.com.ar\/index.php\/wp-json\/wp\/v2\/media\/23959"}],"wp:attachment":[{"href":"https:\/\/vocesdebaires.com.ar\/index.php\/wp-json\/wp\/v2\/media?parent=26449"}],"wp:term":[{"taxonomy":"category","embeddable":true,"href":"https:\/\/vocesdebaires.com.ar\/index.php\/wp-json\/wp\/v2\/categories?post=26449"},{"taxonomy":"post_tag","embeddable":true,"href":"https:\/\/vocesdebaires.com.ar\/index.php\/wp-json\/wp\/v2\/tags?post=26449"}],"curies":[{"name":"wp","href":"https:\/\/api.w.org\/{rel}","templated":true}]}}