{"id":26452,"date":"2014-07-17T14:32:09","date_gmt":"2014-07-17T17:32:09","guid":{"rendered":"http:\/\/vocesdebaires.com.ar\/wordpress\/index.php\/2014\/07\/17\/barrio-papa-franciscose-presento-ley-por-la-urbanizacion-2\/"},"modified":"2014-07-17T14:32:09","modified_gmt":"2014-07-17T17:32:09","slug":"barrio-papa-franciscose-presento-ley-por-la-urbanizacion-2","status":"publish","type":"post","link":"https:\/\/vocesdebaires.com.ar\/index.php\/2014\/07\/17\/barrio-papa-franciscose-presento-ley-por-la-urbanizacion-2\/","title":{"rendered":"Barrio Papa Francisco:Se present\u00f3 ley por la urbanizaci\u00f3n"},"content":{"rendered":"<p><span style=\"line-height: 1.3em;\">Se present\u00f3 en la Legislatura Porte\u00f1a el proyecto de ley por la urbanizaci\u00f3n del barrio Papa Francisco. El proyecto de ley es impulsado por los legisladores \u00a0Gustavo Vera y Pablo Bergel del bloque Verde\/Alameda, Virginia Gonzalez Gass (PSA), Marcelo Ramal (PO) y Alejandro Bodart (MST).<\/span><span style=\"line-height: 1.3em;\">El n\u00famero de expediente del proyecto es el n\u00famero 1.861 y busca modificar la ley N\u00ba 1.770 del a\u00f1o 2005 que establec\u00eda la urbanizaci\u00f3n de la villa 20 pero que nunca fue aplicada.<\/span><\/p>\n<p><span style=\"line-height: 1.3em;\">El objetivo del proyecto de ley es realizar una propuesta de urbanizaci\u00f3n del predio asignado por Ley 1.770 del a\u00f1o 2005 para las familias emergentes de la villa 20 y del esponjamiento para su urbanizaci\u00f3n, que brinde respuesta a la remediaci\u00f3n y construcci\u00f3n de las viviendas necesarias simult\u00e1neamente y manteniendo las familias en el predio.<\/span><span style=\"line-height: 1.3em;\">Los legisladores contaron con el asesoramiento del equipo de profesores del Taller Libre de Proyecto Social de la FADU\/UBA conducidos por los arquitectos Ferm\u00edn Estrella y Beatriz Pedro, que han elaborado los lineamientos y propuestas, a pedido y en trabajo conjunto con los 21 delegados de las familias que se encuentran asentadas en el predio, familias que viv\u00edan alquilando habitaciones en condiciones de precariedad y hacinamiento. <\/span><\/p>\n<p><span style=\"line-height: 1.3em;\">La \u201cpropuesta de Programa de saneamiento, construcci\u00f3n de viviendas, y trabajo en el barrio Papa Francisco\u201d que como Anexo I forma parte de la presente Ley habla de que para la adjudicaci\u00f3n de las viviendas se otorgar\u00e1 prioridad a las familias que actualmente se encuentran asentadas en dicho predio que quedaron registradas en el \u00faltimo censo realizado en la totalidad del barrio. Este deber\u00e1 actualizarse en forma previa a la implementaci\u00f3n del Plan Integral de Reurbanizaci\u00f3n del barrio.<\/span><span style=\"line-height: 1.3em;\">Adem\u00e1s crea la \u201cMesa de Planeamiento Participativo para la Reurbanizaci\u00f3n del Barrio \u201cVilla 20\u2033, destinada a establecer, elaborar, impulsar la ejecuci\u00f3n y controlar el Plan Integral de Reurbanizaci\u00f3n del barrio. <\/span><span style=\"line-height: 1.3em;\">De la conferencia de prensa participaron los legisladores que acompa\u00f1an el proyecto y los arquitectos Beatriz Pedro y Ferm\u00edn Estrella del Taller Libre de Proyecto Social de la FADU\/UBA<\/span><\/p>\n","protected":false},"excerpt":{"rendered":"<p>Se present\u00f3 en la Legislatura Porte\u00f1a el proyecto de ley por la urbanizaci\u00f3n del barrio Papa Francisco. El proyecto de ley es impulsado por los legisladores \u00a0Gustavo Vera y Pablo Bergel del bloque Verde\/Alameda, Virginia Gonzalez Gass (PSA), Marcelo Ramal (PO) y Alejandro Bodart (MST).El n\u00famero de expediente del proyecto es el n\u00famero 1.861 y [&hellip;]<\/p>\n","protected":false},"author":2,"featured_media":23965,"comment_status":"open","ping_status":"open","sticky":false,"template":"","format":"standard","meta":{"_et_pb_use_builder":"","_et_pb_old_content":"","_et_gb_content_width":"","footnotes":""},"categories":[11,44],"tags":[],"class_list":["post-26452","post","type-post","status-publish","format-standard","has-post-thumbnail","hentry","category-ciudad","category-funcionarios-de-la-caba"],"_links":{"self":[{"href":"https:\/\/vocesdebaires.com.ar\/index.php\/wp-json\/wp\/v2\/posts\/26452"}],"collection":[{"href":"https:\/\/vocesdebaires.com.ar\/index.php\/wp-json\/wp\/v2\/posts"}],"about":[{"href":"https:\/\/vocesdebaires.com.ar\/index.php\/wp-json\/wp\/v2\/types\/post"}],"author":[{"embeddable":true,"href":"https:\/\/vocesdebaires.com.ar\/index.php\/wp-json\/wp\/v2\/users\/2"}],"replies":[{"embeddable":true,"href":"https:\/\/vocesdebaires.com.ar\/index.php\/wp-json\/wp\/v2\/comments?post=26452"}],"version-history":[{"count":0,"href":"https:\/\/vocesdebaires.com.ar\/index.php\/wp-json\/wp\/v2\/posts\/26452\/revisions"}],"wp:featuredmedia":[{"embeddable":true,"href":"https:\/\/vocesdebaires.com.ar\/index.php\/wp-json\/wp\/v2\/media\/23965"}],"wp:attachment":[{"href":"https:\/\/vocesdebaires.com.ar\/index.php\/wp-json\/wp\/v2\/media?parent=26452"}],"wp:term":[{"taxonomy":"category","embeddable":true,"href":"https:\/\/vocesdebaires.com.ar\/index.php\/wp-json\/wp\/v2\/categories?post=26452"},{"taxonomy":"post_tag","embeddable":true,"href":"https:\/\/vocesdebaires.com.ar\/index.php\/wp-json\/wp\/v2\/tags?post=26452"}],"curies":[{"name":"wp","href":"https:\/\/api.w.org\/{rel}","templated":true}]}}