{"id":26455,"date":"2014-07-18T17:08:15","date_gmt":"2014-07-18T20:08:15","guid":{"rendered":"http:\/\/vocesdebaires.com.ar\/wordpress\/index.php\/2014\/07\/18\/otorgan-el-uso-de-la-quemita-al-club-huracan-2\/"},"modified":"2014-07-18T17:08:15","modified_gmt":"2014-07-18T20:08:15","slug":"otorgan-el-uso-de-la-quemita-al-club-huracan-2","status":"publish","type":"post","link":"https:\/\/vocesdebaires.com.ar\/index.php\/2014\/07\/18\/otorgan-el-uso-de-la-quemita-al-club-huracan-2\/","title":{"rendered":"Otorgan el uso de La Quemita al Club Hurac\u00e1n"},"content":{"rendered":"<p><span style=\"line-height: 1.3em;\">Una Audiencia P\u00fablica apoy\u00f3 por unanimidad el otorgamiento del uso de los terrenos donde funciona el polideportivo \u00abLa Quemita\u00bb al Club Atl\u00e9tico Hurac\u00e1n. La instancia de participaci\u00f3n ciudadana fue presidida por el titular de la Comisi\u00f3n de Presupuesto, Hacienda, Administraci\u00f3n Financiera y Pol\u00edtica Tributaria, diputado Alejandro Garc\u00eda (PRO) y se llev\u00f3 a cabo este mediod\u00eda en el Palacio Legislativo. <\/span><\/p>\n<p>Intervinieron 12 inscriptos que se mostraron a favor de la iniciativa, entre quienes se encontraban el presidente y el vicepresidente del Club Atl\u00e9tico Hurac\u00e1n, Alejandro Miguel Nadur y Walter Santoro, respectivamente. Ambos, avalaron las palabras de los hinchas y socios de la entidad social y deportiva y se mostraron a favor del otorgamiento a la \u00abAsociaci\u00f3n Civil Club Atl\u00e9tico Hurac\u00e1n\u00bb de un permiso de uso a t\u00edtulo precario por 20 a\u00f1os del predio delimitado por la calle Mariano Acosta, avenida Casta\u00f1ares y la calle Lacarra.<\/p>\n<p>Seg\u00fan la aprobaci\u00f3n inicial, la superficie aproximada de 14 hect\u00e1reas deber\u00e1 seguir siendo destinada, como se hace actualmente, a la pr\u00e1ctica de actividades deportivas, sociales, culturales, y comunitarias. La entidad tendr\u00e1 que ofrecer contraprestaciones tales como conceder espacios de sus instalaciones para la realizaci\u00f3n de actividades y eventos deportivos organizados por la Subsecretar\u00eda de Deportes del Gobierno de la Ciudad de Buenos Aires; otorgar, durante el per\u00edodo de marzo a noviembre de cada a\u00f1o, un total de 250 becas mensuales para ni\u00f1os de entre 6 y 12 a\u00f1os, para las actividades de futbol infantil y hockey sobre c\u00e9sped que se desarrolla en el Campo de Deportes \u201cJorge Newbery\u201d y, para las disciplinas de v\u00f3ley, b\u00e1squet y pat\u00edn que se practican en la sede de la instituci\u00f3n. El club deber\u00e1 desarrollar adem\u00e1s , conjuntamente con la Subsecretar\u00eda de Deportes del Gobierno porte\u00f1o, un Programa de Inclusi\u00f3n para Personas con Discapacidad y Ni\u00f1as, Ni\u00f1os y Adolescentes de zonas de vulnerabilidad social.<\/p>\n<p><span style=\"line-height: 1.3em;\">Marina Mendez, socia e hincha de Hurac\u00e1n expres\u00f3 su apoyo a la iniciativa y agradeci\u00f3 al club \u00abpor la integraci\u00f3n de la gente ya que grandes y chicos realizan diversas actividades all\u00ed y se encuentran en un lugar familiar de esparcimiento\u00bb. Tambi\u00e9n otros oradores resaltaron la importancia que tiene para el club contar con los espacios que se utilizan en el predio \u00abLa Quemita\u00bb porque fomenta mucho el deporte y la sociabilizaci\u00f3n, e insistieron en que el otorgamiento del predio sea en forma definitiva.<\/span><span style=\"line-height: 1.3em;\">Las diputadas Alejandra Caballero, Carmen Polledo (PRO), Cristina Garc\u00eda (CP) y Paula Oliveto (CC), y los legisladores Enzo Pagani y Jorge Garayalde (PRO) formaron parte de la mesa principal en la Audiencia P\u00fablica, que se realiz\u00f3 en el Sal\u00f3n \u00abSan Mart\u00edn\u00bb y cont\u00f3 con la presencia de numerosos socios e hinchas del Club Atl\u00e9tico Hurac\u00e1n.<\/span><\/p>\n<p><span style=\"line-height: 1.3em;\">Antecedentes<\/span><\/p>\n<p><span style=\"line-height: 1.3em;\">En la sesi\u00f3n del pasado 27 de marzo la Legislatura porte\u00f1a dio aprobaci\u00f3n inicial a la ley que otorga a la Asociaci\u00f3n Civil Club Atl\u00e9tico Hurac\u00e1n un permiso de uso a t\u00edtulo precario por el t\u00e9rmino de 20 a\u00f1os del predio conocido como \u00abLa Quemita\u00bb, ubicado en el barrio de Villa Soldati. En ese sentido, se trataron dos iniciativas, una del Vicepresidente Primero, diputado Cristian Ritondo (PRO), del diputado Roberto Quattromano (PRO) y de la diputada Cristina Garc\u00eda (CP); y otra de la diputada Gabriela Alegre y su par Gabriel Fuks (FpV). La aprobaci\u00f3n inicial obtuvo 53 votos a favor. Hoy fue debatido en Audiencia P\u00fablica y luego deber\u00e1 ser considerado nuevamente en sesi\u00f3n para su sanci\u00f3n definitiva.<\/span><\/p>\n<p><span style=\"line-height: 1.3em;\">Entre los fundamentos del proyecto se recordaba que el Club Atl\u00e9tico Hurac\u00e1n es una instituci\u00f3n deportiva del barrio de Parque Patricios, fundado originalmente el 25 de mayo de 1903, en Nueva Pompeya y que actualmente milita en la Primera B Nacional, segunda divisi\u00f3n del f\u00fatbol argentino. Ya cuenta con un campo polideportivo y recreativo, abierto a toda la comunidad, que lleva el nombre de \u00abJorge Newbery\u00bb, en los terrenos de \u00a0\u00abLa Quemita\u00bb, donde se realizan m\u00faltiples actividades deportivas y de esparcimiento, adem\u00e1s de ser el lugar donde practican los diversos planteles del club, incluida la primera divisi\u00f3n.<\/span><\/p>\n<p><span style=\"line-height: 1.3em;\">Foto : De izq. a der., diputadas Paula Oliveto (CC), Alejandra Caballero y diputado Alejandro Garc\u00eda (PRO) en la mesa principal<\/span><\/p>\n","protected":false},"excerpt":{"rendered":"<p>Una Audiencia P\u00fablica apoy\u00f3 por unanimidad el otorgamiento del uso de los terrenos donde funciona el polideportivo \u00abLa Quemita\u00bb al Club Atl\u00e9tico Hurac\u00e1n. La instancia de participaci\u00f3n ciudadana fue presidida por el titular de la Comisi\u00f3n de Presupuesto, Hacienda, Administraci\u00f3n Financiera y Pol\u00edtica Tributaria, diputado Alejandro Garc\u00eda (PRO) y se llev\u00f3 a cabo este mediod\u00eda [&hellip;]<\/p>\n","protected":false},"author":2,"featured_media":23970,"comment_status":"open","ping_status":"open","sticky":false,"template":"","format":"standard","meta":{"_et_pb_use_builder":"","_et_pb_old_content":"","_et_gb_content_width":"","footnotes":""},"categories":[11,44],"tags":[],"class_list":["post-26455","post","type-post","status-publish","format-standard","has-post-thumbnail","hentry","category-ciudad","category-funcionarios-de-la-caba"],"_links":{"self":[{"href":"https:\/\/vocesdebaires.com.ar\/index.php\/wp-json\/wp\/v2\/posts\/26455"}],"collection":[{"href":"https:\/\/vocesdebaires.com.ar\/index.php\/wp-json\/wp\/v2\/posts"}],"about":[{"href":"https:\/\/vocesdebaires.com.ar\/index.php\/wp-json\/wp\/v2\/types\/post"}],"author":[{"embeddable":true,"href":"https:\/\/vocesdebaires.com.ar\/index.php\/wp-json\/wp\/v2\/users\/2"}],"replies":[{"embeddable":true,"href":"https:\/\/vocesdebaires.com.ar\/index.php\/wp-json\/wp\/v2\/comments?post=26455"}],"version-history":[{"count":0,"href":"https:\/\/vocesdebaires.com.ar\/index.php\/wp-json\/wp\/v2\/posts\/26455\/revisions"}],"wp:featuredmedia":[{"embeddable":true,"href":"https:\/\/vocesdebaires.com.ar\/index.php\/wp-json\/wp\/v2\/media\/23970"}],"wp:attachment":[{"href":"https:\/\/vocesdebaires.com.ar\/index.php\/wp-json\/wp\/v2\/media?parent=26455"}],"wp:term":[{"taxonomy":"category","embeddable":true,"href":"https:\/\/vocesdebaires.com.ar\/index.php\/wp-json\/wp\/v2\/categories?post=26455"},{"taxonomy":"post_tag","embeddable":true,"href":"https:\/\/vocesdebaires.com.ar\/index.php\/wp-json\/wp\/v2\/tags?post=26455"}],"curies":[{"name":"wp","href":"https:\/\/api.w.org\/{rel}","templated":true}]}}