{"id":26457,"date":"2014-07-18T17:41:31","date_gmt":"2014-07-18T20:41:31","guid":{"rendered":"http:\/\/vocesdebaires.com.ar\/wordpress\/index.php\/2014\/07\/18\/macri-acto-oficial-de-apertura-de-la-exposicion-rural-2\/"},"modified":"2014-07-18T17:41:31","modified_gmt":"2014-07-18T20:41:31","slug":"macri-acto-oficial-de-apertura-de-la-exposicion-rural-2","status":"publish","type":"post","link":"https:\/\/vocesdebaires.com.ar\/index.php\/2014\/07\/18\/macri-acto-oficial-de-apertura-de-la-exposicion-rural-2\/","title":{"rendered":"Macri: Acto oficial de apertura de la Exposici\u00f3n Rural"},"content":{"rendered":"<p><span style=\"line-height: 1.3em;\">El Jefe de Gobierno porte\u00f1o, Mauricio Macri, encabez\u00f3 \u00a0el acto oficial de apertura de la 128\u00b0 Exposici\u00f3n Rural, resalt\u00f3 que la producci\u00f3n agropecuaria \u201ces gran protagonista del d\u00eda a d\u00eda del pa\u00eds \u201c y vaticin\u00f3 que \u00a0\u201clo va a ser a\u00fan m\u00e1s en el futuro, porque trabajando en conjunto se van a generar \u00a0oportunidades para todos los argentinos\u201d.<\/span><span style=\"line-height: 1.3em;\">Macri particip\u00f3 del tradicional corte de cintas con el que se inaugura formalmente cada a\u00f1o la muestra dedicada a la agroindustria, junto al titular de la Sociedad Rural, Luis Etchevehere, la vicejefa de Gobierno, Mar\u00eda Eugenia Vidal; el jefe de Gabinete, Horacio Rodr\u00edguez Larreta; el senador de PRO Alfredo De Angeli; el diputado Miguel Del Sel y el vicepresidente primero de la Legislatura, Cristian Ritondo, entre otros.En su discurso inaugural, Macri plante\u00f3 la necesidad de trabajar en equipo para fomentar al sector agropecuario y potenciar cada una de las econom\u00edas regionales.<\/span><\/p>\n<p><span style=\"line-height: 1.3em;\">\u00abCada econom\u00eda regional tiene una potencialidad mayor a la de hoy, y trabajando en conjunto generar\u00e1n cientos de miles de puestos de trabajo que le van a dar la oportunidad a cada uno de nuestros j\u00f3venes de elegir donde vivir\u201d, dijo Macri.<\/span><span style=\"line-height: 1.3em;\">\u201cNecesitamos que cada uno desarrolle su potencialidad al m\u00e1ximo, porque hay muchos argentinos que sue\u00f1an con ser parte de un pa\u00eds que crezca, que se mueva y desde el campo van a tenderle una gran mano para que se sientan parte\u201d.<\/span><\/p>\n<p><span style=\"line-height: 1.3em;\">El jefe de Gobierno sostuvo que el campo \u201ces \u00a0la gran oportunidad que tiene la Argentina de volver a poblarse equilibradamente y de desarrollarse. Vengo recorriendo el pa\u00eds desde hace a\u00f1os y cuando m\u00e1s conozco, m\u00e1s me entusiasmo con cada una de las econom\u00edas regionales y sus potencialidades\u201d. <\/span><span style=\"line-height: 1.3em;\">Adem\u00e1s, Macri plante\u00f3 que \u201ccon el campo hay futuro\u201d y dijo que \u201cla Argentina que viene necesita a cada uno de sus productores\u201d. <\/span><span style=\"line-height: 1.3em;\">\u201cHay que generar reglas del juego claras y liberar la posibilidad de exportar todo lo que puedan, porque cuanto m\u00e1s exportan, esto genera m\u00e1s trabajo y menos pobreza\u201d, a\u00f1adi\u00f3.<\/span><\/p>\n<p><span style=\"line-height: 1.3em;\">Tras la ceremonia inaugural, Macri realiz\u00f3 una recorrida por las instalaciones del predio, en la que tom\u00f3 contacto con diversos productores del pa\u00eds.<\/span><span style=\"line-height: 1.3em;\">La Exposici\u00f3n de Ganader\u00eda, Agricultura e Industria Internacional se realiza en su 128 \u00b0 edici\u00f3n hasta el pr\u00f3ximo 27 en el predio de La Rural.<\/span><span style=\"line-height: 1.3em;\">En esta edici\u00f3n, la Ciudad presenta un stand sobre los Juegos Ol\u00edmpicos de la Juventud que organizar\u00e1 en 2018, en los que los visitantes pueden sacarse fotograf\u00edas, obtener informaci\u00f3n sobre los deportes participantes y mirar los videos que se \u00a0presentaron para la candidatura.<\/span><\/p>\n","protected":false},"excerpt":{"rendered":"<p>El Jefe de Gobierno porte\u00f1o, Mauricio Macri, encabez\u00f3 \u00a0el acto oficial de apertura de la 128\u00b0 Exposici\u00f3n Rural, resalt\u00f3 que la producci\u00f3n agropecuaria \u201ces gran protagonista del d\u00eda a d\u00eda del pa\u00eds \u201c y vaticin\u00f3 que \u00a0\u201clo va a ser a\u00fan m\u00e1s en el futuro, porque trabajando en conjunto se van a generar \u00a0oportunidades para [&hellip;]<\/p>\n","protected":false},"author":2,"featured_media":23974,"comment_status":"open","ping_status":"open","sticky":false,"template":"","format":"standard","meta":{"_et_pb_use_builder":"","_et_pb_old_content":"","_et_gb_content_width":"","footnotes":""},"categories":[11,44],"tags":[],"class_list":["post-26457","post","type-post","status-publish","format-standard","has-post-thumbnail","hentry","category-ciudad","category-funcionarios-de-la-caba"],"_links":{"self":[{"href":"https:\/\/vocesdebaires.com.ar\/index.php\/wp-json\/wp\/v2\/posts\/26457"}],"collection":[{"href":"https:\/\/vocesdebaires.com.ar\/index.php\/wp-json\/wp\/v2\/posts"}],"about":[{"href":"https:\/\/vocesdebaires.com.ar\/index.php\/wp-json\/wp\/v2\/types\/post"}],"author":[{"embeddable":true,"href":"https:\/\/vocesdebaires.com.ar\/index.php\/wp-json\/wp\/v2\/users\/2"}],"replies":[{"embeddable":true,"href":"https:\/\/vocesdebaires.com.ar\/index.php\/wp-json\/wp\/v2\/comments?post=26457"}],"version-history":[{"count":0,"href":"https:\/\/vocesdebaires.com.ar\/index.php\/wp-json\/wp\/v2\/posts\/26457\/revisions"}],"wp:featuredmedia":[{"embeddable":true,"href":"https:\/\/vocesdebaires.com.ar\/index.php\/wp-json\/wp\/v2\/media\/23974"}],"wp:attachment":[{"href":"https:\/\/vocesdebaires.com.ar\/index.php\/wp-json\/wp\/v2\/media?parent=26457"}],"wp:term":[{"taxonomy":"category","embeddable":true,"href":"https:\/\/vocesdebaires.com.ar\/index.php\/wp-json\/wp\/v2\/categories?post=26457"},{"taxonomy":"post_tag","embeddable":true,"href":"https:\/\/vocesdebaires.com.ar\/index.php\/wp-json\/wp\/v2\/tags?post=26457"}],"curies":[{"name":"wp","href":"https:\/\/api.w.org\/{rel}","templated":true}]}}