{"id":26459,"date":"2014-07-18T18:17:23","date_gmt":"2014-07-18T21:17:23","guid":{"rendered":"http:\/\/vocesdebaires.com.ar\/wordpress\/index.php\/2014\/07\/18\/personalidades-destacadas-del-deporte-a-la-seleccion-argentina-2\/"},"modified":"2014-07-18T18:17:23","modified_gmt":"2014-07-18T21:17:23","slug":"personalidades-destacadas-del-deporte-a-la-seleccion-argentina-2","status":"publish","type":"post","link":"https:\/\/vocesdebaires.com.ar\/index.php\/2014\/07\/18\/personalidades-destacadas-del-deporte-a-la-seleccion-argentina-2\/","title":{"rendered":"Personalidades Destacadas del Deporte a la Selecci\u00f3n Argentina"},"content":{"rendered":"<p><span style=\"line-height: 1.3em;\">La Legislatura de la Ciudad de Buenos Aires, vot\u00f3 por unanimidad la distinci\u00f3n como Personalidades Destacadas del Deporte de la Ciudad a jugadores y cuerpo t\u00e9cnico del seleccionado argentino de f\u00fatbol, reciente Subcampe\u00f3n de la Copa del Mundo Brasil 2014. <\/span><\/p>\n<p><span style=\"line-height: 1.3em;\">\u00abDeclarar Personalidades Destacadas del Deporte a los Sres: Sergio Romero, Ezequiel Garay, Hugo Campagaro, Pablo Zabaleta, Fernando Gago, Lucas Biglia, \u00c1ngel Di Mar\u00eda, Enzo P\u00e9rez, Gonzalo Higua\u00edn, Lionel Messi, Maximiliano Rodr\u00edguez, Agust\u00edn Ori\u00f3n, Augusto Fern\u00e1ndez, Javier Mascherano, Mart\u00edn Demichelis, Marcos Rojo, Federico Fern\u00e1ndez, Rodrigo Palacio, Ricardo \u00c1lvarez, Sergio Ag\u00fcero, Mariano And\u00fajar, Ezequiel Lavezzi, Jos\u00e9 Basanta, Alejandro Sabella (D.T), Juli\u00e1n Camino (A.C), Claudio Gugnali (A.C) y Pablo Blanco (P.F), todos ellos integrantes de la Selecci\u00f3n mayor Argentina de F\u00fatbol que disputa la Copa Mundial de F\u00fatbol de 2014, que se realiza en la Rep\u00fablica Federativa de Brasil entre el 12 de junio y el 13 de julio, en reconocimiento a su trayectoria y dedicaci\u00f3n en este evento mundial\u00bb, dice parte del texto de ley \u00a0consensuado y aprobado por todos los bloque pol\u00edticos de la Legislatura.<\/span><\/p>\n<p><span style=\"line-height: 1.3em;\">\u00abPese a la derrota en la final, el equipo argentino supo representar a nuestro pa\u00eds de la mejor forma, actuando con total responsabilidad y profesionalismo y destacando los valores del fair play y deportivo que el f\u00fatbol necesita\u00bb, afirm\u00f3 Ritondo.<\/span><span style=\"line-height: 1.3em;\">Ritondo agreg\u00f3 \u00abMuchas veces se gana perdiendo: Se gana en valores, se gana en amor. Ser grande en el triunfo te hace h\u00e9roe. Ser grande en la derrota te hace invencible. Esta distinci\u00f3n que hoy aprobamos por unanimidad es al esfuerzo y al trabajo en equipo. Estamos orgullosos de esta Selecci\u00f3n Argentina\u00bb<\/span><\/p>\n<p><span style=\"line-height: 1.3em;\">La Selecci\u00f3n de Argentina fue uno de los 32 equipos participantes de la Copa Mundial de F\u00fatbol de 2014, que se realiz\u00f3 en Brasil entre el 12 de junio y el 13 de julio de 2014. Qued\u00f3 en el segundo lugar en el ranking de la FIFA. Fue la d\u00e9cima selecci\u00f3n en clasificarse al mundial. Es su decimosexta participaci\u00f3n en mundiales y und\u00e9cima consecutiva desde Alemania 1974. <\/span><span style=\"line-height: 1.3em;\">En la Copa del Mundo, el seleccionado qued\u00f3 encuadrado en el grupo F, con Bosnia-Herzegovina (2-1), Ir\u00e1n (1-0) y Nigeria (3-2). El combinado argentino gan\u00f3 sus tres encuentros y se clasific\u00f3 como primera de grupo para las eliminatorias. Tras ganar en Octavos a Suiza (1-0) en el tiempo suplementario con gol de Di Mar\u00eda y en Cuartos a B\u00e9lgica (1-0) con gol de Gonzalo Higua\u00edn, lleg\u00f3 a las semifinales luego de 24 a\u00f1os. En dicha instancia, Argentina empat\u00f3 0 a 0 contra Holanda, en tiempo extra. Al llegar a los penales, le gan\u00f3 4 a 2, con atajadas sobresalientes de Sergio Romero a Ron Vlaar y Wesley Sneijder, llevando a la Argentina a la final ante Alemania en el Estadio Maracan\u00e1. El pasado domingo, el combinado nacional perdi\u00f3 1 a 0 , qued\u00e1ndose sin chances de obtener su tercer t\u00edtulo mundial.<\/span><\/p>\n","protected":false},"excerpt":{"rendered":"<p>La Legislatura de la Ciudad de Buenos Aires, vot\u00f3 por unanimidad la distinci\u00f3n como Personalidades Destacadas del Deporte de la Ciudad a jugadores y cuerpo t\u00e9cnico del seleccionado argentino de f\u00fatbol, reciente Subcampe\u00f3n de la Copa del Mundo Brasil 2014. \u00abDeclarar Personalidades Destacadas del Deporte a los Sres: Sergio Romero, Ezequiel Garay, Hugo Campagaro, Pablo [&hellip;]<\/p>\n","protected":false},"author":2,"featured_media":23977,"comment_status":"open","ping_status":"open","sticky":false,"template":"","format":"standard","meta":{"_et_pb_use_builder":"","_et_pb_old_content":"","_et_gb_content_width":"","footnotes":""},"categories":[14,50],"tags":[],"class_list":["post-26459","post","type-post","status-publish","format-standard","has-post-thumbnail","hentry","category-deportes","category-futbol-internacional-2"],"_links":{"self":[{"href":"https:\/\/vocesdebaires.com.ar\/index.php\/wp-json\/wp\/v2\/posts\/26459"}],"collection":[{"href":"https:\/\/vocesdebaires.com.ar\/index.php\/wp-json\/wp\/v2\/posts"}],"about":[{"href":"https:\/\/vocesdebaires.com.ar\/index.php\/wp-json\/wp\/v2\/types\/post"}],"author":[{"embeddable":true,"href":"https:\/\/vocesdebaires.com.ar\/index.php\/wp-json\/wp\/v2\/users\/2"}],"replies":[{"embeddable":true,"href":"https:\/\/vocesdebaires.com.ar\/index.php\/wp-json\/wp\/v2\/comments?post=26459"}],"version-history":[{"count":0,"href":"https:\/\/vocesdebaires.com.ar\/index.php\/wp-json\/wp\/v2\/posts\/26459\/revisions"}],"wp:featuredmedia":[{"embeddable":true,"href":"https:\/\/vocesdebaires.com.ar\/index.php\/wp-json\/wp\/v2\/media\/23977"}],"wp:attachment":[{"href":"https:\/\/vocesdebaires.com.ar\/index.php\/wp-json\/wp\/v2\/media?parent=26459"}],"wp:term":[{"taxonomy":"category","embeddable":true,"href":"https:\/\/vocesdebaires.com.ar\/index.php\/wp-json\/wp\/v2\/categories?post=26459"},{"taxonomy":"post_tag","embeddable":true,"href":"https:\/\/vocesdebaires.com.ar\/index.php\/wp-json\/wp\/v2\/tags?post=26459"}],"curies":[{"name":"wp","href":"https:\/\/api.w.org\/{rel}","templated":true}]}}