{"id":26468,"date":"2014-07-21T13:56:09","date_gmt":"2014-07-21T16:56:09","guid":{"rendered":"http:\/\/vocesdebaires.com.ar\/wordpress\/index.php\/2014\/07\/21\/interes-cultural-al-programa-de-radio-el-bicho-reactor-2\/"},"modified":"2014-07-21T13:56:09","modified_gmt":"2014-07-21T16:56:09","slug":"interes-cultural-al-programa-de-radio-el-bicho-reactor-2","status":"publish","type":"post","link":"https:\/\/vocesdebaires.com.ar\/index.php\/2014\/07\/21\/interes-cultural-al-programa-de-radio-el-bicho-reactor-2\/","title":{"rendered":"Inter\u00e9s Cultural al programa de radio El Bicho Reactor"},"content":{"rendered":"<p><span style=\"line-height: 1.3em;\">El evento tuvo lugar en el sal\u00f3n Montevideo del palacio legislativo y cont\u00f3 con la presencia de Diego Skilar por FM La Tribu, y del creador, productor y conductor del programa radial, Hern\u00e1n Manzo; adem\u00e1s particip\u00f3 el reconocido artista Bodie Datino, productor musical y compositor.<\/span><\/p>\n<p>El Bicho Reactor consiste en un espacio de dos horas semanales donde se realizan entrevistas a artistas en el marco de un contexto de cercan\u00eda, logrando una conexi\u00f3n entre los entrevistados, los conductores y los oyentes. Tambi\u00e9n tienen lugar distintas columnas de diversos temas, que suelen abarcar desde investigaciones musicales, presentaciones de nuevas bandas, discos recomendados, cobertura de shows y festivales, entre otras.<\/p>\n<p>El proyecto fue una iniciativa del Vicepresidente 1\u00b0 de la Legislatura, diputado Cristian Ritondo (PRO), y el acto de distinci\u00f3n fue encabezado por la legisladora Gabriela Seijo, quien destac\u00f3: \u00abEs un placer entregarles este reconocimiento. Ustedes se han dado el lujo de entrevistar a grandes artistas en estos diez a\u00f1os\u00bb. Precisamente, grandes artistas, tanto nacionales como internacionales, han pasado por las horas de audici\u00f3n del programa. Algunos de ellos son: Placebo, Alain Johannes, Brad Smith (Blind Melon), Gilby Clarke (GNR), Mark Lanegan, Enrique Bunbury, Los Amigos Invisibles, Libido, Willy Crook, Richard Coleman, Pericos, Massacre, Zeta Bosio, Utopians, Satan Dealers, Fantasmagoria.<\/p>\n<p><span style=\"line-height: 1.3em;\">Foto : Integrantes del programa de radio el Bicho Reactor junto a la diputada Gabriela Seijo (PRO)<\/span><\/p>\n","protected":false},"excerpt":{"rendered":"<p>El evento tuvo lugar en el sal\u00f3n Montevideo del palacio legislativo y cont\u00f3 con la presencia de Diego Skilar por FM La Tribu, y del creador, productor y conductor del programa radial, Hern\u00e1n Manzo; adem\u00e1s particip\u00f3 el reconocido artista Bodie Datino, productor musical y compositor. El Bicho Reactor consiste en un espacio de dos horas [&hellip;]<\/p>\n","protected":false},"author":2,"featured_media":23993,"comment_status":"open","ping_status":"open","sticky":false,"template":"","format":"standard","meta":{"_et_pb_use_builder":"","_et_pb_old_content":"","_et_gb_content_width":"","footnotes":""},"categories":[11,44],"tags":[],"class_list":["post-26468","post","type-post","status-publish","format-standard","has-post-thumbnail","hentry","category-ciudad","category-funcionarios-de-la-caba"],"_links":{"self":[{"href":"https:\/\/vocesdebaires.com.ar\/index.php\/wp-json\/wp\/v2\/posts\/26468"}],"collection":[{"href":"https:\/\/vocesdebaires.com.ar\/index.php\/wp-json\/wp\/v2\/posts"}],"about":[{"href":"https:\/\/vocesdebaires.com.ar\/index.php\/wp-json\/wp\/v2\/types\/post"}],"author":[{"embeddable":true,"href":"https:\/\/vocesdebaires.com.ar\/index.php\/wp-json\/wp\/v2\/users\/2"}],"replies":[{"embeddable":true,"href":"https:\/\/vocesdebaires.com.ar\/index.php\/wp-json\/wp\/v2\/comments?post=26468"}],"version-history":[{"count":0,"href":"https:\/\/vocesdebaires.com.ar\/index.php\/wp-json\/wp\/v2\/posts\/26468\/revisions"}],"wp:featuredmedia":[{"embeddable":true,"href":"https:\/\/vocesdebaires.com.ar\/index.php\/wp-json\/wp\/v2\/media\/23993"}],"wp:attachment":[{"href":"https:\/\/vocesdebaires.com.ar\/index.php\/wp-json\/wp\/v2\/media?parent=26468"}],"wp:term":[{"taxonomy":"category","embeddable":true,"href":"https:\/\/vocesdebaires.com.ar\/index.php\/wp-json\/wp\/v2\/categories?post=26468"},{"taxonomy":"post_tag","embeddable":true,"href":"https:\/\/vocesdebaires.com.ar\/index.php\/wp-json\/wp\/v2\/tags?post=26468"}],"curies":[{"name":"wp","href":"https:\/\/api.w.org\/{rel}","templated":true}]}}