{"id":2650,"date":"2020-10-12T03:52:06","date_gmt":"2020-10-12T06:52:06","guid":{"rendered":"http:\/\/vocesdebaires.com.ar\/wordpress\/index.php\/2020\/10\/12\/ciudad-convenios-sobre-edificaciones\/"},"modified":"2020-10-12T03:52:06","modified_gmt":"2020-10-12T06:52:06","slug":"ciudad-convenios-sobre-edificaciones","status":"publish","type":"post","link":"https:\/\/vocesdebaires.com.ar\/index.php\/2020\/10\/12\/ciudad-convenios-sobre-edificaciones\/","title":{"rendered":"Ciudad: Convenios sobre edificaciones"},"content":{"rendered":"<p>Los legisladores\u00a0 de la Ciudad aprobaron el pasado jueves dos convenios del Gobierno de la Ciudad con empresas y\/o personas particulares, relacionadas con la habilitaci\u00f3n de emprendimientos inmobiliarios en ex terrenos p\u00fablicos nacionales, a cambio de contraprestaciones a favor de la CABA.Uno de los convenios refiere a dos manzanas en el sector conocido como Las Ca\u00f1itas del barrio Palermo, donde funcionaba la Sastrer\u00eda Militar y ahora es un inmueble de propiedad privada.<\/p>\n<p>All\u00ed se planifica levantar un edificio en una de esas manzanas y, en la restante, construir un espacio verde de uso p\u00fablico, con costos y mantenimiento a cargo de los particulares (delimitado por las calles B\u00e1ez Dorrego, Huergo y Clay). La parte constructiva ser\u00e1 en el predio de Clay, Dorrego, B\u00e1ez y el deslinde con el Campo de Polo, donde se podr\u00e1n edificar casi 50.000 m\u00b2, destinado a uso residencial comercios y servicios. Los privados, adem\u00e1s, compensar\u00e1n al Gobierno de la CABA con un monto de 2,5 millones de d\u00f3lares.<\/p>\n<p>El otro convenio, de similares caracter\u00edsticas, est\u00e1 relacionado con un terreno de menos de media manzana en el barrio Villa Crespo, lindante con las v\u00edas del Ferrocarril San Mart\u00edn y delimitado por las calles Fitz Roy, Vera y Juan Ram\u00edrez de Velasco. En este caso, la compensaci\u00f3n econ\u00f3mica a la Ciudad ser\u00e1 algo superior a un mill\u00f3n de d\u00f3lares y el proyecto es la construcci\u00f3n de unos 50 mil m\u00b2 de oficinas, departamentos y estacionamientos. Ambos convenios aprobado hoy tambi\u00e9n deber\u00e1n ser sometidos a Audiencia P\u00fablica, previo a su segunda votaci\u00f3n para la sanci\u00f3n definitiva. Los convenios se aprobado en primera lectura con 32 votos positivos de VJ, PS y UCR, 23 negativos de FdT, bloques de izquierda, Gen y CF y 5 abstenciones de diputados de VJ.<\/p>\n","protected":false},"excerpt":{"rendered":"<p>Los legisladores\u00a0 de la Ciudad aprobaron el pasado jueves dos convenios del Gobierno de la Ciudad con empresas y\/o personas particulares, relacionadas con la habilitaci\u00f3n de emprendimientos inmobiliarios en ex terrenos p\u00fablicos nacionales, a cambio de contraprestaciones a favor de la CABA.Uno de los convenios refiere a dos manzanas en el sector conocido como Las [&hellip;]<\/p>\n","protected":false},"author":1,"featured_media":2651,"comment_status":"open","ping_status":"open","sticky":false,"template":"","format":"standard","meta":{"_et_pb_use_builder":"","_et_pb_old_content":"","_et_gb_content_width":"","footnotes":""},"categories":[11,32],"tags":[],"class_list":["post-2650","post","type-post","status-publish","format-standard","has-post-thumbnail","hentry","category-ciudad","category-comunas"],"_links":{"self":[{"href":"https:\/\/vocesdebaires.com.ar\/index.php\/wp-json\/wp\/v2\/posts\/2650"}],"collection":[{"href":"https:\/\/vocesdebaires.com.ar\/index.php\/wp-json\/wp\/v2\/posts"}],"about":[{"href":"https:\/\/vocesdebaires.com.ar\/index.php\/wp-json\/wp\/v2\/types\/post"}],"author":[{"embeddable":true,"href":"https:\/\/vocesdebaires.com.ar\/index.php\/wp-json\/wp\/v2\/users\/1"}],"replies":[{"embeddable":true,"href":"https:\/\/vocesdebaires.com.ar\/index.php\/wp-json\/wp\/v2\/comments?post=2650"}],"version-history":[{"count":0,"href":"https:\/\/vocesdebaires.com.ar\/index.php\/wp-json\/wp\/v2\/posts\/2650\/revisions"}],"wp:featuredmedia":[{"embeddable":true,"href":"https:\/\/vocesdebaires.com.ar\/index.php\/wp-json\/wp\/v2\/media\/2651"}],"wp:attachment":[{"href":"https:\/\/vocesdebaires.com.ar\/index.php\/wp-json\/wp\/v2\/media?parent=2650"}],"wp:term":[{"taxonomy":"category","embeddable":true,"href":"https:\/\/vocesdebaires.com.ar\/index.php\/wp-json\/wp\/v2\/categories?post=2650"},{"taxonomy":"post_tag","embeddable":true,"href":"https:\/\/vocesdebaires.com.ar\/index.php\/wp-json\/wp\/v2\/tags?post=2650"}],"curies":[{"name":"wp","href":"https:\/\/api.w.org\/{rel}","templated":true}]}}