{"id":26510,"date":"2014-07-28T12:33:41","date_gmt":"2014-07-28T15:33:41","guid":{"rendered":"http:\/\/vocesdebaires.com.ar\/wordpress\/index.php\/2014\/07\/28\/macri-en-la-inauguracion-de-la-rural-2\/"},"modified":"2014-07-28T12:33:41","modified_gmt":"2014-07-28T15:33:41","slug":"macri-en-la-inauguracion-de-la-rural-2","status":"publish","type":"post","link":"https:\/\/vocesdebaires.com.ar\/index.php\/2014\/07\/28\/macri-en-la-inauguracion-de-la-rural-2\/","title":{"rendered":"Macri: \u00abEn la inauguraci\u00f3n de La Rural\u00bb"},"content":{"rendered":"<p><span style=\"line-height: 1.3em;\">El jefe de Gobierno de la Ciudad de Buenos Aires, Mauricio Macri, asisti\u00f3 \u00a0a la inauguraci\u00f3n de la Exposici\u00f3n de Ganader\u00eda, Agricultura e Industria Internacional que se realiza en La Rural y subray\u00f3 que el futuro de la Argentina depende del campo, de sus econom\u00edas regionales y de los esfuerzos cotidianos que aportan \u201ccientos de miles de trabajadores\u201d.<\/span><span style=\"line-height: 1.3em;\"> \u201cAs\u00ed como es dif\u00edcil pensar qu\u00e9 ser\u00eda de la Argentina sin su campo, tambi\u00e9n hay que pensar qu\u00e9 ser\u00eda del campo sin su gente, de los cientos de miles de trabajadores que todos los d\u00edas desde el amanecer salen a cuidar sus animales, a sembrar, cosechar y producir los alimentos que consumimos los argentinos y millones de personas en todo el mundo\u201d, puntualiz\u00f3.<\/span><\/p>\n<p>Macri concurri\u00f3 a la inauguraci\u00f3n -en la que el presidente de la Sociedad Rural Argentina, Luis Etchevehere, fue el orador &#8211; acompa\u00f1ado de su esposa, Juliana Awada; el jefe de Gabinete porte\u00f1o, Horacio Rodr\u00edguez Larreta, ministros y secretarios del Gobierno de la Ciudad.<span style=\"line-height: 1.3em;\"> En declaraciones a medios de prensa, el Jefe de Gobierno record\u00f3 que en abril \u00faltimo les present\u00f3 a los dirigentes de la Mesa de Enlace un documento con 13 propuestas elaboradas orientadas a multiplicar la producci\u00f3n rural y crear m\u00e1s empleo.<\/span><\/p>\n<p>\u201cEllos lo leyeron y dijeron que es el m\u00e1s completo para aprovechar al m\u00e1ximo las potencialidades del campo argentino, que tiene que ver con desarrollar las econom\u00edas regionales y habitar el pa\u00eds en forma equilibrada\u201d, explic\u00f3.<span style=\"line-height: 1.3em;\"> A\u00f1adi\u00f3 que ese objetivo va de la mano con \u201cgenerar trabajo en donde la gente nace y est\u00e1 con su familia, sin que tenga la necesidad de emigrar a los grandes centros urbanos en busca de empleo\u201d.<\/span><span style=\"line-height: 1.3em;\"> En ese punto, ratific\u00f3 la necesidad de eliminar definitivamente las retenciones a las exportaciones agropecuarias, con excepci\u00f3n de la soja para la cual \u2013 reiter\u00f3 &#8211; se debe implementar un plan de descenso gradual a\u00f1o a a\u00f1o.<\/span><\/p>\n<p><span style=\"line-height: 1.3em;\"> <\/span><span style=\"line-height: 1.3em;\"> \u201cEl campo seguir\u00e1 haciendo su aporte porque pagar\u00e1 mucho impuesto a las ganancias, pero las retenciones tienen que desaparecer definitivamente para que las econom\u00edas regionales se desarrollen\u201d, se\u00f1al\u00f3.<\/span><span style=\"line-height: 1.3em;\"> Macri subray\u00f3 que la exposici\u00f3n rural \u201cnos distingue y es una de de las varias importantes propuestas que se repiten todos los a\u00f1os en la Ciudad, porque convoca gente de toda la Argentina y de otros pa\u00edses\u201d.<\/span><span style=\"line-height: 1.3em;\"> \u201cEl campo tiene que ver con la innovaci\u00f3n y el desarrollo tecnol\u00f3gico, que es tan importante para la Argentina que viene y en la cual hemos puesto mucho \u00e9nfasis en la Ciudad de Buenos Aires\u201d, remarc\u00f3.<\/span><span style=\"line-height: 1.3em;\"> La Ciudad tiene en La Rural un estand sobre los pr\u00f3ximos Juegos Ol\u00edmpicos de la Juventud donde los visitantes pueden obtener informaci\u00f3n sobre los deportes participantes y mirar los videos aleg\u00f3ricos que el Gobierno porte\u00f1o present\u00f3 para haber logrado la sede en 2018.<\/span><\/p>\n<p>Foto: M\u00f3nica Mart\u00ednez\/GCBA.<\/p>\n","protected":false},"excerpt":{"rendered":"<p>El jefe de Gobierno de la Ciudad de Buenos Aires, Mauricio Macri, asisti\u00f3 \u00a0a la inauguraci\u00f3n de la Exposici\u00f3n de Ganader\u00eda, Agricultura e Industria Internacional que se realiza en La Rural y subray\u00f3 que el futuro de la Argentina depende del campo, de sus econom\u00edas regionales y de los esfuerzos cotidianos que aportan \u201ccientos de [&hellip;]<\/p>\n","protected":false},"author":2,"featured_media":24070,"comment_status":"open","ping_status":"open","sticky":false,"template":"","format":"standard","meta":{"_et_pb_use_builder":"","_et_pb_old_content":"","_et_gb_content_width":"","footnotes":""},"categories":[11,44],"tags":[],"class_list":["post-26510","post","type-post","status-publish","format-standard","has-post-thumbnail","hentry","category-ciudad","category-funcionarios-de-la-caba"],"_links":{"self":[{"href":"https:\/\/vocesdebaires.com.ar\/index.php\/wp-json\/wp\/v2\/posts\/26510"}],"collection":[{"href":"https:\/\/vocesdebaires.com.ar\/index.php\/wp-json\/wp\/v2\/posts"}],"about":[{"href":"https:\/\/vocesdebaires.com.ar\/index.php\/wp-json\/wp\/v2\/types\/post"}],"author":[{"embeddable":true,"href":"https:\/\/vocesdebaires.com.ar\/index.php\/wp-json\/wp\/v2\/users\/2"}],"replies":[{"embeddable":true,"href":"https:\/\/vocesdebaires.com.ar\/index.php\/wp-json\/wp\/v2\/comments?post=26510"}],"version-history":[{"count":0,"href":"https:\/\/vocesdebaires.com.ar\/index.php\/wp-json\/wp\/v2\/posts\/26510\/revisions"}],"wp:featuredmedia":[{"embeddable":true,"href":"https:\/\/vocesdebaires.com.ar\/index.php\/wp-json\/wp\/v2\/media\/24070"}],"wp:attachment":[{"href":"https:\/\/vocesdebaires.com.ar\/index.php\/wp-json\/wp\/v2\/media?parent=26510"}],"wp:term":[{"taxonomy":"category","embeddable":true,"href":"https:\/\/vocesdebaires.com.ar\/index.php\/wp-json\/wp\/v2\/categories?post=26510"},{"taxonomy":"post_tag","embeddable":true,"href":"https:\/\/vocesdebaires.com.ar\/index.php\/wp-json\/wp\/v2\/tags?post=26510"}],"curies":[{"name":"wp","href":"https:\/\/api.w.org\/{rel}","templated":true}]}}