{"id":2652,"date":"2020-10-12T03:45:46","date_gmt":"2020-10-12T06:45:46","guid":{"rendered":"http:\/\/vocesdebaires.com.ar\/wordpress\/index.php\/2020\/10\/12\/legislaturaciudad-de-interes-cultural\/"},"modified":"2020-10-12T03:45:46","modified_gmt":"2020-10-12T06:45:46","slug":"legislaturaciudad-de-interes-cultural","status":"publish","type":"post","link":"https:\/\/vocesdebaires.com.ar\/index.php\/2020\/10\/12\/legislaturaciudad-de-interes-cultural\/","title":{"rendered":"Legislatura:Ciudad  de inter\u00e9s cultural"},"content":{"rendered":"<p>Una iniciativa del legisladores porte\u00f1os\u00a0 Guillermo Gonz\u00e1lez Heredia (VJ) y Patricia Vischi (UCR), declar\u00f3 de Inter\u00e9s Cultural la Conferencia \u201c\u00d3ptica generativa\u201d a realizarse por el Museo de Arte Moderno de Buenos Aires el pr\u00f3ximo 15 de octubre, como homenaje a los artistas pl\u00e1sticos Miguel \u00c1ngel Vidal y Eduardo Mac Entyre, al cumplirse 60\u00ba a\u00f1os del manifiesto fundacional del Movimiento Arte Generativo y de la primera muestra de esta corriente.<\/p>\n","protected":false},"excerpt":{"rendered":"<p>Una iniciativa del legisladores porte\u00f1os\u00a0 Guillermo Gonz\u00e1lez Heredia (VJ) y Patricia Vischi (UCR), declar\u00f3 de Inter\u00e9s Cultural la Conferencia \u201c\u00d3ptica generativa\u201d a realizarse por el Museo de Arte Moderno de Buenos Aires el pr\u00f3ximo 15 de octubre, como homenaje a los artistas pl\u00e1sticos Miguel \u00c1ngel Vidal y Eduardo Mac Entyre, al cumplirse 60\u00ba a\u00f1os del [&hellip;]<\/p>\n","protected":false},"author":1,"featured_media":2653,"comment_status":"open","ping_status":"open","sticky":false,"template":"","format":"standard","meta":{"_et_pb_use_builder":"","_et_pb_old_content":"","_et_gb_content_width":"","footnotes":""},"categories":[11,33],"tags":[],"class_list":["post-2652","post","type-post","status-publish","format-standard","has-post-thumbnail","hentry","category-ciudad","category-sociedad-y-cultura-2"],"_links":{"self":[{"href":"https:\/\/vocesdebaires.com.ar\/index.php\/wp-json\/wp\/v2\/posts\/2652"}],"collection":[{"href":"https:\/\/vocesdebaires.com.ar\/index.php\/wp-json\/wp\/v2\/posts"}],"about":[{"href":"https:\/\/vocesdebaires.com.ar\/index.php\/wp-json\/wp\/v2\/types\/post"}],"author":[{"embeddable":true,"href":"https:\/\/vocesdebaires.com.ar\/index.php\/wp-json\/wp\/v2\/users\/1"}],"replies":[{"embeddable":true,"href":"https:\/\/vocesdebaires.com.ar\/index.php\/wp-json\/wp\/v2\/comments?post=2652"}],"version-history":[{"count":0,"href":"https:\/\/vocesdebaires.com.ar\/index.php\/wp-json\/wp\/v2\/posts\/2652\/revisions"}],"wp:featuredmedia":[{"embeddable":true,"href":"https:\/\/vocesdebaires.com.ar\/index.php\/wp-json\/wp\/v2\/media\/2653"}],"wp:attachment":[{"href":"https:\/\/vocesdebaires.com.ar\/index.php\/wp-json\/wp\/v2\/media?parent=2652"}],"wp:term":[{"taxonomy":"category","embeddable":true,"href":"https:\/\/vocesdebaires.com.ar\/index.php\/wp-json\/wp\/v2\/categories?post=2652"},{"taxonomy":"post_tag","embeddable":true,"href":"https:\/\/vocesdebaires.com.ar\/index.php\/wp-json\/wp\/v2\/tags?post=2652"}],"curies":[{"name":"wp","href":"https:\/\/api.w.org\/{rel}","templated":true}]}}