{"id":26525,"date":"2014-07-29T18:52:23","date_gmt":"2014-07-29T21:52:23","guid":{"rendered":"http:\/\/vocesdebaires.com.ar\/wordpress\/index.php\/2014\/07\/29\/carlitos-tevez-el-padre-fue-victima-de-un-secuestro-2\/"},"modified":"2014-07-29T18:52:23","modified_gmt":"2014-07-29T21:52:23","slug":"carlitos-tevez-el-padre-fue-victima-de-un-secuestro-2","status":"publish","type":"post","link":"https:\/\/vocesdebaires.com.ar\/index.php\/2014\/07\/29\/carlitos-tevez-el-padre-fue-victima-de-un-secuestro-2\/","title":{"rendered":"Carlitos Tevez: El padre fue  v\u00edctima de un secuestro"},"content":{"rendered":"<p><span style=\"line-height: 1.3em;\">El padre de crianza del futbolista Carlos Tevez sufri\u00f3 esta ma\u00f1ana un secuestro extorsivo en Mor\u00f3n, y fue liberado luego del mediod\u00eda en inmediaciones de Fuerte Apache.El hecho ocurri\u00f3 cerca de las 8 de la ma\u00f1ana, en autopista del Oeste y calle Prats, en la zona de Mor\u00f3n. Delincuentes le cruzaron un auto a Segundo Tevez, que se movilizaba con su camioneta.<\/span><\/p>\n<p><span style=\"line-height: 1.3em;\">En principio se cree que se trat\u00f3 de un robo \u00abal voleo\u00bb. Sin embargo, cuando los ladrones descubrieron la relaci\u00f3n de la v\u00edctima con el ex Boca, empezaron las llamadas extorsivas: una a la casa de la nuera de Segundo, y otra a la vivienda de un familiar en Haedo.<\/span><\/p>\n<p><span style=\"line-height: 1.3em;\">Una hora antes de confirmarse la liberaci\u00f3n, varios integrantes de la familia salieron de la casa de Devoto en la que esperaban novedades. Se cree que en ese momento realizaron el pago que posibilit\u00f3 la liberaci\u00f3n del pap\u00e1 del delantero de la Juventus. \u00abSe encuentra bien\u00bb, fueron las escuetas palabras del abogado de la familia, Gustavo Galasso.<\/span><\/p>\n","protected":false},"excerpt":{"rendered":"<p>El padre de crianza del futbolista Carlos Tevez sufri\u00f3 esta ma\u00f1ana un secuestro extorsivo en Mor\u00f3n, y fue liberado luego del mediod\u00eda en inmediaciones de Fuerte Apache.El hecho ocurri\u00f3 cerca de las 8 de la ma\u00f1ana, en autopista del Oeste y calle Prats, en la zona de Mor\u00f3n. Delincuentes le cruzaron un auto a Segundo [&hellip;]<\/p>\n","protected":false},"author":2,"featured_media":24099,"comment_status":"open","ping_status":"open","sticky":false,"template":"","format":"standard","meta":{"_et_pb_use_builder":"","_et_pb_old_content":"","_et_gb_content_width":"","footnotes":""},"categories":[39,14],"tags":[],"class_list":["post-26525","post","type-post","status-publish","format-standard","has-post-thumbnail","hentry","category-1o-division-a","category-deportes"],"_links":{"self":[{"href":"https:\/\/vocesdebaires.com.ar\/index.php\/wp-json\/wp\/v2\/posts\/26525"}],"collection":[{"href":"https:\/\/vocesdebaires.com.ar\/index.php\/wp-json\/wp\/v2\/posts"}],"about":[{"href":"https:\/\/vocesdebaires.com.ar\/index.php\/wp-json\/wp\/v2\/types\/post"}],"author":[{"embeddable":true,"href":"https:\/\/vocesdebaires.com.ar\/index.php\/wp-json\/wp\/v2\/users\/2"}],"replies":[{"embeddable":true,"href":"https:\/\/vocesdebaires.com.ar\/index.php\/wp-json\/wp\/v2\/comments?post=26525"}],"version-history":[{"count":0,"href":"https:\/\/vocesdebaires.com.ar\/index.php\/wp-json\/wp\/v2\/posts\/26525\/revisions"}],"wp:featuredmedia":[{"embeddable":true,"href":"https:\/\/vocesdebaires.com.ar\/index.php\/wp-json\/wp\/v2\/media\/24099"}],"wp:attachment":[{"href":"https:\/\/vocesdebaires.com.ar\/index.php\/wp-json\/wp\/v2\/media?parent=26525"}],"wp:term":[{"taxonomy":"category","embeddable":true,"href":"https:\/\/vocesdebaires.com.ar\/index.php\/wp-json\/wp\/v2\/categories?post=26525"},{"taxonomy":"post_tag","embeddable":true,"href":"https:\/\/vocesdebaires.com.ar\/index.php\/wp-json\/wp\/v2\/tags?post=26525"}],"curies":[{"name":"wp","href":"https:\/\/api.w.org\/{rel}","templated":true}]}}