{"id":26526,"date":"2014-07-29T19:18:39","date_gmt":"2014-07-29T22:18:39","guid":{"rendered":"http:\/\/vocesdebaires.com.ar\/wordpress\/index.php\/2014\/07\/29\/jornada-de-reflexion-sobre-violencia-institucional-2\/"},"modified":"2014-07-29T19:18:39","modified_gmt":"2014-07-29T22:18:39","slug":"jornada-de-reflexion-sobre-violencia-institucional-2","status":"publish","type":"post","link":"https:\/\/vocesdebaires.com.ar\/index.php\/2014\/07\/29\/jornada-de-reflexion-sobre-violencia-institucional-2\/","title":{"rendered":"Jornada de reflexi\u00f3n sobre Violencia Institucional"},"content":{"rendered":"<p><span style=\"line-height: 1.3em;\">La \u00abI Jornada de Reflexi\u00f3n sobre Violencia Institucional en la Ciudad\u00bb se llev\u00f3 a cabo durante el d\u00eda de ayer en el Sal\u00f3n San Mart\u00edn y cont\u00f3 con tres paneles en los cuales participaron, adem\u00e1s del presidente de la Comisi\u00f3n Especial de Prevenci\u00f3n y Seguimiento de la Violencia Institucional y legislador de Seamos Libres, Pablo Ferreyra; el diputado nacional Leonardo Grosso; el diputado de la provincia de Buenos Aires por Nuevo Encuentro, Marcelo Sain; la titular de Justicia Leg\u00edtima, Mar\u00eda Laura Garrig\u00f3s de R\u00e9bori, y el coordinador del Programa de Acceso Comunitario a la Justicia del Ministerio P\u00fablico Fiscal, Juli\u00e1n Axat, entre otros. El tema de debate fue sobre el accionar de las distintas fuerzas de seguridad que act\u00faan en el territorio de la Ciudad de Buenos Aires.<\/span><\/p>\n<p><span style=\"line-height: 1.3em;\">\u201cLas fuerzas de seguridad en los barrios\u201d fue la primera mesa de discusi\u00f3n. De ella participaron Ang\u00e9lica Urquiza, mam\u00e1 de Jonathan \u201cKiki\u201d Lezcano, asesinado por un oficial de la Polic\u00eda Federal en la Villa 20; referentes del Movimiento Evita, en barrio Mitre y Luciana S\u00e1nchez, de Lesbianas y Feministas por la Descriminalizaci\u00f3n del Aborto. El debate fue coordinado por Aldana Martino, directora de la Comisi\u00f3n Especial de Violencia Institucional de la Legislatura.<\/span><\/p>\n<p><span style=\"line-height: 1.3em;\">Luego continuaron con las mesas restantes que trataron los temas de \u201cAcceso a la justicia: El rol del Poder Judicial, el Ministerio P\u00fablico y las organizaciones sociales\u201d y \u00abL\u00edneas de acci\u00f3n del Estado\u00bb, la cual fue presidida por el diputado Pablo Ferreyra (SL).<\/span><\/p>\n<p><span style=\"line-height: 1.3em;\">Foto: \u00a0El diputado Pablo Ferreyra (SL) impuls\u00f3 la realizaci\u00f3n de la jornada<\/span><\/p>\n","protected":false},"excerpt":{"rendered":"<p>La \u00abI Jornada de Reflexi\u00f3n sobre Violencia Institucional en la Ciudad\u00bb se llev\u00f3 a cabo durante el d\u00eda de ayer en el Sal\u00f3n San Mart\u00edn y cont\u00f3 con tres paneles en los cuales participaron, adem\u00e1s del presidente de la Comisi\u00f3n Especial de Prevenci\u00f3n y Seguimiento de la Violencia Institucional y legislador de Seamos Libres, Pablo [&hellip;]<\/p>\n","protected":false},"author":2,"featured_media":24101,"comment_status":"open","ping_status":"open","sticky":false,"template":"","format":"standard","meta":{"_et_pb_use_builder":"","_et_pb_old_content":"","_et_gb_content_width":"","footnotes":""},"categories":[11,44],"tags":[],"class_list":["post-26526","post","type-post","status-publish","format-standard","has-post-thumbnail","hentry","category-ciudad","category-funcionarios-de-la-caba"],"_links":{"self":[{"href":"https:\/\/vocesdebaires.com.ar\/index.php\/wp-json\/wp\/v2\/posts\/26526"}],"collection":[{"href":"https:\/\/vocesdebaires.com.ar\/index.php\/wp-json\/wp\/v2\/posts"}],"about":[{"href":"https:\/\/vocesdebaires.com.ar\/index.php\/wp-json\/wp\/v2\/types\/post"}],"author":[{"embeddable":true,"href":"https:\/\/vocesdebaires.com.ar\/index.php\/wp-json\/wp\/v2\/users\/2"}],"replies":[{"embeddable":true,"href":"https:\/\/vocesdebaires.com.ar\/index.php\/wp-json\/wp\/v2\/comments?post=26526"}],"version-history":[{"count":0,"href":"https:\/\/vocesdebaires.com.ar\/index.php\/wp-json\/wp\/v2\/posts\/26526\/revisions"}],"wp:featuredmedia":[{"embeddable":true,"href":"https:\/\/vocesdebaires.com.ar\/index.php\/wp-json\/wp\/v2\/media\/24101"}],"wp:attachment":[{"href":"https:\/\/vocesdebaires.com.ar\/index.php\/wp-json\/wp\/v2\/media?parent=26526"}],"wp:term":[{"taxonomy":"category","embeddable":true,"href":"https:\/\/vocesdebaires.com.ar\/index.php\/wp-json\/wp\/v2\/categories?post=26526"},{"taxonomy":"post_tag","embeddable":true,"href":"https:\/\/vocesdebaires.com.ar\/index.php\/wp-json\/wp\/v2\/tags?post=26526"}],"curies":[{"name":"wp","href":"https:\/\/api.w.org\/{rel}","templated":true}]}}