{"id":26532,"date":"2014-07-30T15:45:21","date_gmt":"2014-07-30T18:45:21","guid":{"rendered":"http:\/\/vocesdebaires.com.ar\/wordpress\/index.php\/2014\/07\/30\/murio-julio-grondona-2\/"},"modified":"2014-07-30T15:45:21","modified_gmt":"2014-07-30T18:45:21","slug":"murio-julio-grondona-2","status":"publish","type":"post","link":"https:\/\/vocesdebaires.com.ar\/index.php\/2014\/07\/30\/murio-julio-grondona-2\/","title":{"rendered":"Muri\u00f3 Julio Grondona"},"content":{"rendered":"<p><span style=\"line-height: 1.3em;\">El presidente de la AFA, Julio Grondona, hab\u00eda sufrido \u00a0\u00abuna ligera indisposici\u00f3n\u00bb card\u00edaca y fue internado \u00abpor precauci\u00f3n\u00bb en el \u00a0sanatorio Mitre \u00a0de esta capital. <\/span><span style=\"line-height: 1.3em;\">As\u00ed lo inform\u00f3 esta ma\u00f1ana la AFA mediante un comunicado de prensa en el que se\u00f1al\u00f3 que \u00aben estos momentos lo est\u00e1n evaluando\u00bb.<\/span><\/p>\n<p><span style=\"line-height: 1.3em;\">\u201cLa Asociaci\u00f3n del F\u00fatbol Argentino se hace un deber informar que en horas de esta madrugada el Se\u00f1or Julio Humberto Grondona sufri\u00f3 una ligera indisposici\u00f3n. Por precauci\u00f3n su familia decidi\u00f3 trasladarlo a un Sanatorio de esta Capital, donde en estos momentos lo est\u00e1n evaluando\u201d, \u00a0se le tuvo que hacer una operaci\u00f3n \u00a0urgente y hace un rato acaba de fallecer Don Julio Grondona <\/span><span style=\"line-height: 1.3em;\">, tenia \u00a082 a\u00f1os y ayer estuvo en la sede de la AFA, donde presidi\u00f3 la reuni\u00f3n de Comit\u00e9 Ejecutivo.<\/span><\/p>\n","protected":false},"excerpt":{"rendered":"<p>El presidente de la AFA, Julio Grondona, hab\u00eda sufrido \u00a0\u00abuna ligera indisposici\u00f3n\u00bb card\u00edaca y fue internado \u00abpor precauci\u00f3n\u00bb en el \u00a0sanatorio Mitre \u00a0de esta capital. As\u00ed lo inform\u00f3 esta ma\u00f1ana la AFA mediante un comunicado de prensa en el que se\u00f1al\u00f3 que \u00aben estos momentos lo est\u00e1n evaluando\u00bb. \u201cLa Asociaci\u00f3n del F\u00fatbol Argentino se hace [&hellip;]<\/p>\n","protected":false},"author":2,"featured_media":18416,"comment_status":"open","ping_status":"open","sticky":false,"template":"","format":"standard","meta":{"_et_pb_use_builder":"","_et_pb_old_content":"","_et_gb_content_width":"","footnotes":""},"categories":[39,14],"tags":[],"class_list":["post-26532","post","type-post","status-publish","format-standard","has-post-thumbnail","hentry","category-1o-division-a","category-deportes"],"_links":{"self":[{"href":"https:\/\/vocesdebaires.com.ar\/index.php\/wp-json\/wp\/v2\/posts\/26532"}],"collection":[{"href":"https:\/\/vocesdebaires.com.ar\/index.php\/wp-json\/wp\/v2\/posts"}],"about":[{"href":"https:\/\/vocesdebaires.com.ar\/index.php\/wp-json\/wp\/v2\/types\/post"}],"author":[{"embeddable":true,"href":"https:\/\/vocesdebaires.com.ar\/index.php\/wp-json\/wp\/v2\/users\/2"}],"replies":[{"embeddable":true,"href":"https:\/\/vocesdebaires.com.ar\/index.php\/wp-json\/wp\/v2\/comments?post=26532"}],"version-history":[{"count":0,"href":"https:\/\/vocesdebaires.com.ar\/index.php\/wp-json\/wp\/v2\/posts\/26532\/revisions"}],"wp:featuredmedia":[{"embeddable":true,"href":"https:\/\/vocesdebaires.com.ar\/index.php\/wp-json\/wp\/v2\/media\/18416"}],"wp:attachment":[{"href":"https:\/\/vocesdebaires.com.ar\/index.php\/wp-json\/wp\/v2\/media?parent=26532"}],"wp:term":[{"taxonomy":"category","embeddable":true,"href":"https:\/\/vocesdebaires.com.ar\/index.php\/wp-json\/wp\/v2\/categories?post=26532"},{"taxonomy":"post_tag","embeddable":true,"href":"https:\/\/vocesdebaires.com.ar\/index.php\/wp-json\/wp\/v2\/tags?post=26532"}],"curies":[{"name":"wp","href":"https:\/\/api.w.org\/{rel}","templated":true}]}}