{"id":26546,"date":"2014-07-31T18:33:06","date_gmt":"2014-07-31T21:33:06","guid":{"rendered":"http:\/\/vocesdebaires.com.ar\/wordpress\/index.php\/2014\/07\/31\/decreto-de-macri-expropia-subsuelos-de-edificios-2\/"},"modified":"2014-07-31T18:33:06","modified_gmt":"2014-07-31T21:33:06","slug":"decreto-de-macri-expropia-subsuelos-de-edificios-2","status":"publish","type":"post","link":"https:\/\/vocesdebaires.com.ar\/index.php\/2014\/07\/31\/decreto-de-macri-expropia-subsuelos-de-edificios-2\/","title":{"rendered":"Decreto de Macri expropia subsuelos de edificios"},"content":{"rendered":"<p><span style=\"line-height: 1.3em;\">Este jueves se public\u00f3 el \u00a0Decreto el 316 donde se individualizan subsuelos de inmuebles para la construcci\u00f3n del t\u00fanel de enlace entre las l\u00edneas E y H de subterr\u00e1neos.<\/span><span style=\"line-height: 1.3em;\">El art\u00edculo primero del texto que lleva la firma de Macri asegura: \u201cIndividual\u00edzanse los subsuelos de los bienes inmuebles declarados de utilidad p\u00fablica, ubicados en Av. Jujuy Nros. 1262\/66, denominaci\u00f3n catastral:<\/span><\/p>\n<p><span style=\"line-height: 1.3em;\">Circunscripci\u00f3n 8, Secci\u00f3n 22, Manzana 4, Parcela 16 y Av. San Juan Nros. 2650\/54\/58, denominaci\u00f3n catastral: Circunscripci\u00f3n 8, Secci\u00f3n 22, Manzana 4, Parcela 2, en los t\u00e9rminos del art\u00edculo 4\u00b0 de la Ley N\u00b0 238 conforme las prescripciones de la Ley N\u00b0 317, para la construcci\u00f3n del t\u00fanel de enlace entre las L\u00edneas \u201cE\u201d y \u201cH\u201d de subterr\u00e1neos\u201d.<\/span><span style=\"line-height: 1.3em;\">Junto al Ejecutivo porte\u00f1o, est\u00e1n detr\u00e1s de esta iniciativa la Jefatura de Gabinete de Ministros y el Ministerio de Desarrollo Social.<\/span><\/p>\n","protected":false},"excerpt":{"rendered":"<p>Este jueves se public\u00f3 el \u00a0Decreto el 316 donde se individualizan subsuelos de inmuebles para la construcci\u00f3n del t\u00fanel de enlace entre las l\u00edneas E y H de subterr\u00e1neos.El art\u00edculo primero del texto que lleva la firma de Macri asegura: \u201cIndividual\u00edzanse los subsuelos de los bienes inmuebles declarados de utilidad p\u00fablica, ubicados en Av. Jujuy [&hellip;]<\/p>\n","protected":false},"author":2,"featured_media":24136,"comment_status":"open","ping_status":"open","sticky":false,"template":"","format":"standard","meta":{"_et_pb_use_builder":"","_et_pb_old_content":"","_et_gb_content_width":"","footnotes":""},"categories":[11,44],"tags":[],"class_list":["post-26546","post","type-post","status-publish","format-standard","has-post-thumbnail","hentry","category-ciudad","category-funcionarios-de-la-caba"],"_links":{"self":[{"href":"https:\/\/vocesdebaires.com.ar\/index.php\/wp-json\/wp\/v2\/posts\/26546"}],"collection":[{"href":"https:\/\/vocesdebaires.com.ar\/index.php\/wp-json\/wp\/v2\/posts"}],"about":[{"href":"https:\/\/vocesdebaires.com.ar\/index.php\/wp-json\/wp\/v2\/types\/post"}],"author":[{"embeddable":true,"href":"https:\/\/vocesdebaires.com.ar\/index.php\/wp-json\/wp\/v2\/users\/2"}],"replies":[{"embeddable":true,"href":"https:\/\/vocesdebaires.com.ar\/index.php\/wp-json\/wp\/v2\/comments?post=26546"}],"version-history":[{"count":0,"href":"https:\/\/vocesdebaires.com.ar\/index.php\/wp-json\/wp\/v2\/posts\/26546\/revisions"}],"wp:featuredmedia":[{"embeddable":true,"href":"https:\/\/vocesdebaires.com.ar\/index.php\/wp-json\/wp\/v2\/media\/24136"}],"wp:attachment":[{"href":"https:\/\/vocesdebaires.com.ar\/index.php\/wp-json\/wp\/v2\/media?parent=26546"}],"wp:term":[{"taxonomy":"category","embeddable":true,"href":"https:\/\/vocesdebaires.com.ar\/index.php\/wp-json\/wp\/v2\/categories?post=26546"},{"taxonomy":"post_tag","embeddable":true,"href":"https:\/\/vocesdebaires.com.ar\/index.php\/wp-json\/wp\/v2\/tags?post=26546"}],"curies":[{"name":"wp","href":"https:\/\/api.w.org\/{rel}","templated":true}]}}