{"id":26564,"date":"2014-08-04T13:10:53","date_gmt":"2014-08-04T16:10:53","guid":{"rendered":"http:\/\/vocesdebaires.com.ar\/wordpress\/index.php\/2014\/08\/04\/macri-viajo-por-primera-vez-en-el-tren-roca-2\/"},"modified":"2014-08-04T13:10:53","modified_gmt":"2014-08-04T16:10:53","slug":"macri-viajo-por-primera-vez-en-el-tren-roca-2","status":"publish","type":"post","link":"https:\/\/vocesdebaires.com.ar\/index.php\/2014\/08\/04\/macri-viajo-por-primera-vez-en-el-tren-roca-2\/","title":{"rendered":"Macri viaj\u00f3 por primera vez en el tren Roca"},"content":{"rendered":"<p><span style=\"line-height: 1.3em;\">El 2015 se acerca y los pol\u00edticos incursionan en terrenos que les son ajenos. Daniel Scioli estuvo en la Ciudad y Mauricio Macri se traslad\u00f3 al sur del Conurbano bonaerense, donde viaj\u00f3 por primera vez en el tren Roca. <\/span><span style=\"line-height: 1.3em;\">\u00abHay que empezar a cumplir con las obras y honrar a la pol\u00edtica, que es honrar a la gente, como nosotros estamos haciendo en la Ciudad\u00bb, plante\u00f3 el jefe de gobierno porte\u00f1o, en su visita a los distritos de Berazategui, Quilmes y Avellaneda.<\/span><\/p>\n<p><span style=\"line-height: 1.3em;\">El funcionario de la Ciudad sostuvo que \u00abcuando uno escucha a los encuestadores que dicen que &#8216;el \u00fanico que crece es Macri&#8217;, en realidad lo que crece es esta idea de cambio en la Argentina, de decirle &#8216;basta&#8217; a los mismos que nos vinieron gobernando hace d\u00e9cadas\u00bb.<\/span><span style=\"line-height: 1.3em;\">Adem\u00e1s, el l\u00edder del PRO cuestion\u00f3 que esos sectores \u00abson los mismos que nos dicen ahora que en realidad piensan todo lo contrario de lo que hicieron en estos \u00faltimos a\u00f1os\u00bb. <\/span><\/p>\n<p><span style=\"line-height: 1.3em;\">Tras visitar las mesas partidarias junto a los referentes del macrismo, el precandidato presidencial de cara a las pr\u00f3ximas elecciones se moviliz\u00f3 en una de las formaciones de la L\u00ednea Roca y dialog\u00f3 con pasajeros, vecinos y vendedores ambulantes.<\/span><\/p>\n","protected":false},"excerpt":{"rendered":"<p>El 2015 se acerca y los pol\u00edticos incursionan en terrenos que les son ajenos. Daniel Scioli estuvo en la Ciudad y Mauricio Macri se traslad\u00f3 al sur del Conurbano bonaerense, donde viaj\u00f3 por primera vez en el tren Roca. \u00abHay que empezar a cumplir con las obras y honrar a la pol\u00edtica, que es honrar [&hellip;]<\/p>\n","protected":false},"author":2,"featured_media":24171,"comment_status":"open","ping_status":"open","sticky":false,"template":"","format":"standard","meta":{"_et_pb_use_builder":"","_et_pb_old_content":"","_et_gb_content_width":"","footnotes":""},"categories":[11,44],"tags":[],"class_list":["post-26564","post","type-post","status-publish","format-standard","has-post-thumbnail","hentry","category-ciudad","category-funcionarios-de-la-caba"],"_links":{"self":[{"href":"https:\/\/vocesdebaires.com.ar\/index.php\/wp-json\/wp\/v2\/posts\/26564"}],"collection":[{"href":"https:\/\/vocesdebaires.com.ar\/index.php\/wp-json\/wp\/v2\/posts"}],"about":[{"href":"https:\/\/vocesdebaires.com.ar\/index.php\/wp-json\/wp\/v2\/types\/post"}],"author":[{"embeddable":true,"href":"https:\/\/vocesdebaires.com.ar\/index.php\/wp-json\/wp\/v2\/users\/2"}],"replies":[{"embeddable":true,"href":"https:\/\/vocesdebaires.com.ar\/index.php\/wp-json\/wp\/v2\/comments?post=26564"}],"version-history":[{"count":0,"href":"https:\/\/vocesdebaires.com.ar\/index.php\/wp-json\/wp\/v2\/posts\/26564\/revisions"}],"wp:featuredmedia":[{"embeddable":true,"href":"https:\/\/vocesdebaires.com.ar\/index.php\/wp-json\/wp\/v2\/media\/24171"}],"wp:attachment":[{"href":"https:\/\/vocesdebaires.com.ar\/index.php\/wp-json\/wp\/v2\/media?parent=26564"}],"wp:term":[{"taxonomy":"category","embeddable":true,"href":"https:\/\/vocesdebaires.com.ar\/index.php\/wp-json\/wp\/v2\/categories?post=26564"},{"taxonomy":"post_tag","embeddable":true,"href":"https:\/\/vocesdebaires.com.ar\/index.php\/wp-json\/wp\/v2\/tags?post=26564"}],"curies":[{"name":"wp","href":"https:\/\/api.w.org\/{rel}","templated":true}]}}