{"id":26571,"date":"2014-08-05T15:36:21","date_gmt":"2014-08-05T18:36:21","guid":{"rendered":"http:\/\/vocesdebaires.com.ar\/wordpress\/index.php\/2014\/08\/05\/desde-el-pro-cruzan-a-alberto-perez-2\/"},"modified":"2014-08-05T15:36:21","modified_gmt":"2014-08-05T18:36:21","slug":"desde-el-pro-cruzan-a-alberto-perez-2","status":"publish","type":"post","link":"https:\/\/vocesdebaires.com.ar\/index.php\/2014\/08\/05\/desde-el-pro-cruzan-a-alberto-perez-2\/","title":{"rendered":"Desde el PRO cruzan a Alberto P\u00e9rez"},"content":{"rendered":"<p><span style=\"line-height: 1.3em;\">Luego de que el jefe de Gabinete de la provincia de Buenos Aires criticara la gesti\u00f3n del PRO en Capital, el legislador Roberto Quattromano pidi\u00f3 al funcionario de Daniel Scioli \u00abque por favor se ocupe de la inseguridad, las escuelas y los hospitales bonaerenses\u00bb. <\/span><span style=\"line-height: 1.3em;\">\u00abParece que P\u00e9rez se cay\u00f3 en un pozo de los tantos que hay en las calles de la Provincia y desde ah\u00ed no puede ver c\u00f3mo creci\u00f3 la ciudad, ni la realidad que atraviesa \u00a0su distrito, donde los docentes est\u00e1n de huelga y la inseguridad es noticia todos los d\u00edas\u00bb sostuvo Quattromano.<\/span><\/p>\n<p><span style=\"line-height: 1.3em;\">Y agreg\u00f3: \u00abSin dudas est\u00e1n asustados por el \u00a0crecimiento de la figura de Mauricio Macri en todo el pa\u00eds. La transformaci\u00f3n que hicimos en la Ciudad es nuestra mejor vidriera para el resto de los argentinos, que quieren vivir mejor\u00bb.<\/span><\/p>\n<p><span style=\"line-height: 1.3em;\">Quattromano, luego de que Alberto P\u00e9rez dijera que la ciudad est\u00e1 sin oposici\u00f3n, se\u00f1al\u00f3 que \u00aben primer lugar, P\u00e9rez se equivoca o miente, ya que -aunque desde 2007 ganamos con contundencia todas las elecciones- el PRO gobierna sin mayor\u00eda parlamentaria, y eso le impide sancionar leyes que consideramos clave; sin embargo, las clases inician a tiempo hace varios a\u00f1os en las escuelas porte\u00f1as. Es extra\u00f1o que P\u00e9rez, que abandon\u00f3 hace a\u00f1os a la ciudad para cumplir \u00f3rdenes del kirchnerismo en provincia, est\u00e9 ahora preocupado por el distrito que gobierna el PRO\u00bb. <\/span><\/p>\n<p><span style=\"line-height: 1.3em;\">Para finalizar, Quattromano afirm\u00f3 que \u00abel proyecto Mauricio Macri 2015 es, en cambio, una fuerza nacional real, con ideas nuevas, con capacidad demostrada, con una forma distinta de gestionar y de hacer pol\u00edtica, con resultados palpables y modos visibles, claros y coherentes.\u00bb<\/span><span style=\"line-height: 1.3em;\">\u00abEn la ciudad de Buenos Aires trabajamos el sur, impulsamos su desarrollo, porque estamos con quienes m\u00e1s lo necesitan, alentado a la vez el potencial de las zonas m\u00e1s consolidadas del norte\u00bb, concluy\u00f3 el legislador del PRO. <\/span><\/p>\n","protected":false},"excerpt":{"rendered":"<p>Luego de que el jefe de Gabinete de la provincia de Buenos Aires criticara la gesti\u00f3n del PRO en Capital, el legislador Roberto Quattromano pidi\u00f3 al funcionario de Daniel Scioli \u00abque por favor se ocupe de la inseguridad, las escuelas y los hospitales bonaerenses\u00bb. \u00abParece que P\u00e9rez se cay\u00f3 en un pozo de los tantos [&hellip;]<\/p>\n","protected":false},"author":2,"featured_media":22248,"comment_status":"open","ping_status":"open","sticky":false,"template":"","format":"standard","meta":{"_et_pb_use_builder":"","_et_pb_old_content":"","_et_gb_content_width":"","footnotes":""},"categories":[11,44],"tags":[],"class_list":["post-26571","post","type-post","status-publish","format-standard","has-post-thumbnail","hentry","category-ciudad","category-funcionarios-de-la-caba"],"_links":{"self":[{"href":"https:\/\/vocesdebaires.com.ar\/index.php\/wp-json\/wp\/v2\/posts\/26571"}],"collection":[{"href":"https:\/\/vocesdebaires.com.ar\/index.php\/wp-json\/wp\/v2\/posts"}],"about":[{"href":"https:\/\/vocesdebaires.com.ar\/index.php\/wp-json\/wp\/v2\/types\/post"}],"author":[{"embeddable":true,"href":"https:\/\/vocesdebaires.com.ar\/index.php\/wp-json\/wp\/v2\/users\/2"}],"replies":[{"embeddable":true,"href":"https:\/\/vocesdebaires.com.ar\/index.php\/wp-json\/wp\/v2\/comments?post=26571"}],"version-history":[{"count":0,"href":"https:\/\/vocesdebaires.com.ar\/index.php\/wp-json\/wp\/v2\/posts\/26571\/revisions"}],"wp:featuredmedia":[{"embeddable":true,"href":"https:\/\/vocesdebaires.com.ar\/index.php\/wp-json\/wp\/v2\/media\/22248"}],"wp:attachment":[{"href":"https:\/\/vocesdebaires.com.ar\/index.php\/wp-json\/wp\/v2\/media?parent=26571"}],"wp:term":[{"taxonomy":"category","embeddable":true,"href":"https:\/\/vocesdebaires.com.ar\/index.php\/wp-json\/wp\/v2\/categories?post=26571"},{"taxonomy":"post_tag","embeddable":true,"href":"https:\/\/vocesdebaires.com.ar\/index.php\/wp-json\/wp\/v2\/tags?post=26571"}],"curies":[{"name":"wp","href":"https:\/\/api.w.org\/{rel}","templated":true}]}}