{"id":26578,"date":"2014-08-06T15:22:27","date_gmt":"2014-08-06T18:22:27","guid":{"rendered":"http:\/\/vocesdebaires.com.ar\/wordpress\/index.php\/2014\/08\/06\/ritondo-manifesto-orgullo-y-alegria-por-nieto-recuperado-2\/"},"modified":"2014-08-06T15:22:27","modified_gmt":"2014-08-06T18:22:27","slug":"ritondo-manifesto-orgullo-y-alegria-por-nieto-recuperado-2","status":"publish","type":"post","link":"https:\/\/vocesdebaires.com.ar\/index.php\/2014\/08\/06\/ritondo-manifesto-orgullo-y-alegria-por-nieto-recuperado-2\/","title":{"rendered":"Ritondo, \u00abmanifest\u00f3 orgullo y alegr\u00eda por nieto recuperado\u00bb"},"content":{"rendered":"<p><span style=\"line-height: 1.3em;\">El Vicepresidente 1\u00ba de la Legislatura de la Ciudad de Buenos Aires, Cristian Ritondo, manifest\u00f3 su \u00abprofundo orgullo y alegr\u00eda\u00bb por la recuperaci\u00f3n del nieto de la titular de Abuelas de Plaza de Mayo, Estela de Carlotto y consider\u00f3 \u00a0que \u00abel resarcimiento a las familias cuyos hijos han sido apropiados durante la dictadura militar sigue siendo tarea de todos. La actual identificaci\u00f3n del nieto de la Sra. Estela de Carlotto es un motivo de orgullo y alegr\u00eda nacional que todos debemos subrayar\u00bb.<\/span><\/p>\n<p><span style=\"line-height: 1.3em;\">Ritondo hizo llegar una nota a Estela de Carlotto, donde manifiesta su felicitaci\u00f3n por la hist\u00f3rica identificaci\u00f3n de su nieto, Guido Carlotto, \u00abque parte de una tarea reconocida, noble llevada a cabo por las Abuelas de Plaza de Mayo \u00abque me provoca gran admiraci\u00f3n\u00bb.<\/span><span style=\"line-height: 1.3em;\">Finalmente Ritondo reiter\u00f3 su sincero apoyo en la tarea de continuidad de \u00abb\u00fasqueda de los nietos e hijos que a\u00fan faltan recuperar en el marco de una lucha noble por verdad y la justicia en Argentina\u00bb.<\/span><\/p>\n","protected":false},"excerpt":{"rendered":"<p>El Vicepresidente 1\u00ba de la Legislatura de la Ciudad de Buenos Aires, Cristian Ritondo, manifest\u00f3 su \u00abprofundo orgullo y alegr\u00eda\u00bb por la recuperaci\u00f3n del nieto de la titular de Abuelas de Plaza de Mayo, Estela de Carlotto y consider\u00f3 \u00a0que \u00abel resarcimiento a las familias cuyos hijos han sido apropiados durante la dictadura militar sigue [&hellip;]<\/p>\n","protected":false},"author":2,"featured_media":22850,"comment_status":"open","ping_status":"open","sticky":false,"template":"","format":"standard","meta":{"_et_pb_use_builder":"","_et_pb_old_content":"","_et_gb_content_width":"","footnotes":""},"categories":[11,44],"tags":[],"class_list":["post-26578","post","type-post","status-publish","format-standard","has-post-thumbnail","hentry","category-ciudad","category-funcionarios-de-la-caba"],"_links":{"self":[{"href":"https:\/\/vocesdebaires.com.ar\/index.php\/wp-json\/wp\/v2\/posts\/26578"}],"collection":[{"href":"https:\/\/vocesdebaires.com.ar\/index.php\/wp-json\/wp\/v2\/posts"}],"about":[{"href":"https:\/\/vocesdebaires.com.ar\/index.php\/wp-json\/wp\/v2\/types\/post"}],"author":[{"embeddable":true,"href":"https:\/\/vocesdebaires.com.ar\/index.php\/wp-json\/wp\/v2\/users\/2"}],"replies":[{"embeddable":true,"href":"https:\/\/vocesdebaires.com.ar\/index.php\/wp-json\/wp\/v2\/comments?post=26578"}],"version-history":[{"count":0,"href":"https:\/\/vocesdebaires.com.ar\/index.php\/wp-json\/wp\/v2\/posts\/26578\/revisions"}],"wp:featuredmedia":[{"embeddable":true,"href":"https:\/\/vocesdebaires.com.ar\/index.php\/wp-json\/wp\/v2\/media\/22850"}],"wp:attachment":[{"href":"https:\/\/vocesdebaires.com.ar\/index.php\/wp-json\/wp\/v2\/media?parent=26578"}],"wp:term":[{"taxonomy":"category","embeddable":true,"href":"https:\/\/vocesdebaires.com.ar\/index.php\/wp-json\/wp\/v2\/categories?post=26578"},{"taxonomy":"post_tag","embeddable":true,"href":"https:\/\/vocesdebaires.com.ar\/index.php\/wp-json\/wp\/v2\/tags?post=26578"}],"curies":[{"name":"wp","href":"https:\/\/api.w.org\/{rel}","templated":true}]}}