{"id":26591,"date":"2014-08-07T19:43:26","date_gmt":"2014-08-07T22:43:26","guid":{"rendered":"http:\/\/vocesdebaires.com.ar\/wordpress\/index.php\/2014\/08\/07\/godoy-cruz-banfield-abren-la-primera-fecha-2\/"},"modified":"2014-08-07T19:43:26","modified_gmt":"2014-08-07T22:43:26","slug":"godoy-cruz-banfield-abren-la-primera-fecha-2","status":"publish","type":"post","link":"https:\/\/vocesdebaires.com.ar\/index.php\/2014\/08\/07\/godoy-cruz-banfield-abren-la-primera-fecha-2\/","title":{"rendered":"Godoy Cruz-Banfield, abren la primera fecha"},"content":{"rendered":"<p><span style=\"line-height: 1.3em;\">En el arranque del torneo, se medir\u00e1n Godoy Cruz-Banfield ma\u00f1ana a las 18. A su t\u00e9rmino, desde las 20.30, jugar\u00e1n Rosario Central y Quilmes A.C. El s\u00e1bado se disput\u00e1 un partido, tres el domingo, dos el lunes y uno el mi\u00e9rcoles. Por otra parte, el encuentro entre San Lorenzo-Olimpo de Bah\u00eda Blanca fue postergado.<\/span><\/p>\n<p><span style=\"line-height: 1.3em;\">As\u00ed se jugar\u00e1 la 1a. fecha de Primera Divisi\u00f3n:<\/span><\/p>\n<p><span style=\"line-height: 1.3em;\"><strong>Viernes 8 de agosto<\/strong><\/span><\/p>\n<p>18.00&#8211; Godoy Cruz Antonio Tomba-Banfield, \u00e1rbitro: Patricio Loustau<\/p>\n<p>20.30&#8211; Rosario Central-Quilmes A.C., \u00e1rbitro: Andr\u00e9s Merlos<\/p>\n<p><span style=\"line-height: 1.3em;\">S\u00e1bado 9 de agosto<\/span><\/p>\n<p>20.30&#8211; Defensa y Justicia-Racing Club, \u00e1rbitro: Diego Abal<\/p>\n<p><span style=\"line-height: 1.3em;\"><strong>Domingo 10 de agosto<\/strong><\/span><\/p>\n<p>15.15&#8211; Independiente-Atl\u00e9tico de Rafaela, \u00e1rbitro: Sa\u00fal Laverni<\/p>\n<p>18.15&#8211; Boca Juniors-Newell&#8217;s Old Boys, \u00e1rbitro: Federico Beligoy<\/p>\n<p>21.30&#8211; Gimnasia y Esgrima La Plata-River Plate, \u00e1rbitro: N\u00e9stor Pitana<\/p>\n<p><span style=\"line-height: 1.3em;\"><strong>Lunes 11 de agosto<\/strong><\/span><\/p>\n<p>18.00&#8211; Arsenal F.C.-Estudiantes de La Plata, \u00e1rbitro: Dar\u00edo Herrera<\/p>\n<p>20.30&#8211; Tigre-V\u00e9lez Sarsfield, \u00e1rbitro: Diego Ceballos<\/p>\n<p><span style=\"line-height: 1.3em;\"><strong>Mi\u00e9rcoles 13 de agosto<\/strong><\/span><\/p>\n<p>18.00&#8211; Lan\u00fas-Belgrano de C\u00f3rdoba, \u00e1rbitro: Silvio Trucco<\/p>\n<p>Postergado<\/p>\n<p>San Lorenzo-Olimpo de Bah\u00eda Blanca, \u00e1rbitro: Fernando Echenique<\/p>\n","protected":false},"excerpt":{"rendered":"<p>En el arranque del torneo, se medir\u00e1n Godoy Cruz-Banfield ma\u00f1ana a las 18. A su t\u00e9rmino, desde las 20.30, jugar\u00e1n Rosario Central y Quilmes A.C. El s\u00e1bado se disput\u00e1 un partido, tres el domingo, dos el lunes y uno el mi\u00e9rcoles. Por otra parte, el encuentro entre San Lorenzo-Olimpo de Bah\u00eda Blanca fue postergado. As\u00ed [&hellip;]<\/p>\n","protected":false},"author":2,"featured_media":24221,"comment_status":"open","ping_status":"open","sticky":false,"template":"","format":"standard","meta":{"_et_pb_use_builder":"","_et_pb_old_content":"","_et_gb_content_width":"","footnotes":""},"categories":[39,14],"tags":[],"class_list":["post-26591","post","type-post","status-publish","format-standard","has-post-thumbnail","hentry","category-1o-division-a","category-deportes"],"_links":{"self":[{"href":"https:\/\/vocesdebaires.com.ar\/index.php\/wp-json\/wp\/v2\/posts\/26591"}],"collection":[{"href":"https:\/\/vocesdebaires.com.ar\/index.php\/wp-json\/wp\/v2\/posts"}],"about":[{"href":"https:\/\/vocesdebaires.com.ar\/index.php\/wp-json\/wp\/v2\/types\/post"}],"author":[{"embeddable":true,"href":"https:\/\/vocesdebaires.com.ar\/index.php\/wp-json\/wp\/v2\/users\/2"}],"replies":[{"embeddable":true,"href":"https:\/\/vocesdebaires.com.ar\/index.php\/wp-json\/wp\/v2\/comments?post=26591"}],"version-history":[{"count":0,"href":"https:\/\/vocesdebaires.com.ar\/index.php\/wp-json\/wp\/v2\/posts\/26591\/revisions"}],"wp:featuredmedia":[{"embeddable":true,"href":"https:\/\/vocesdebaires.com.ar\/index.php\/wp-json\/wp\/v2\/media\/24221"}],"wp:attachment":[{"href":"https:\/\/vocesdebaires.com.ar\/index.php\/wp-json\/wp\/v2\/media?parent=26591"}],"wp:term":[{"taxonomy":"category","embeddable":true,"href":"https:\/\/vocesdebaires.com.ar\/index.php\/wp-json\/wp\/v2\/categories?post=26591"},{"taxonomy":"post_tag","embeddable":true,"href":"https:\/\/vocesdebaires.com.ar\/index.php\/wp-json\/wp\/v2\/tags?post=26591"}],"curies":[{"name":"wp","href":"https:\/\/api.w.org\/{rel}","templated":true}]}}