{"id":26593,"date":"2014-08-07T20:12:44","date_gmt":"2014-08-07T23:12:44","guid":{"rendered":"http:\/\/vocesdebaires.com.ar\/wordpress\/index.php\/2014\/08\/07\/primera-b-nacional-comienza-a-jugarse-el-campeonato-2\/"},"modified":"2014-08-07T20:12:44","modified_gmt":"2014-08-07T23:12:44","slug":"primera-b-nacional-comienza-a-jugarse-el-campeonato-2","status":"publish","type":"post","link":"https:\/\/vocesdebaires.com.ar\/index.php\/2014\/08\/07\/primera-b-nacional-comienza-a-jugarse-el-campeonato-2\/","title":{"rendered":"Primera B Nacional:  Comienza a jugarse el Campeonato"},"content":{"rendered":"<p><span style=\"line-height: 1.3em;\"> <\/span><span style=\"line-height: 1.3em;\">En el arranque del torneo de Primera B Nacional, el s\u00e1bado a las 14 y por la zona B, se medir\u00e1n Sarmiento de Jun\u00edn e Independiente Rivadavia. La jornada continuar\u00e1 con cuatro partidos y el domingo se jugar\u00e1n cinco encuentros.<\/span><\/p>\n<p><span style=\"line-height: 1.3em;\">As\u00ed se jugar\u00e1 la 1a. fecha de Primera B Nacional:<\/span><\/p>\n<p><span style=\"line-height: 1.3em;\"><strong> ZONA A<\/strong><\/span><\/p>\n<p>S\u00e1bado 9 de agosto<\/p>\n<p>15.00&#8211; Col\u00f3n-Instituto, \u00e1rbitro: Carlos Maglio (TV)<\/p>\n<p>15.30&#8211; Aldosivi (MdP)-Nueva Chicago, \u00e1rbitro: Germ\u00e1n Delfino<\/p>\n<p>16.15&#8211; Argentinos Juniors-Boca Unidos, \u00e1rbitro: Mauro Vigliano (TV)<\/p>\n<p><span style=\"line-height: 1.3em;\"> Domingo 10 de agosto<\/span><\/p>\n<p>15.15&#8211; Guaran\u00ed A. Franco-Gimnasia de Jujuy, \u00e1rbitro: Ariel Penel (TV)<\/p>\n<p>16.00&#8211; San Mart\u00edn de San Juan-Douglas Haig, \u00e1rbitro: Pedro Arga\u00f1araz<\/p>\n<p><span style=\"line-height: 1.3em;\"> Libre: Ferro Carril Oste<\/span><\/p>\n<p><strong> ZONA B<\/strong><\/p>\n<p>S\u00e1bado 9 de agosto<\/p>\n<p>14.00&#8211; Sarmiento de Jun\u00edn-Independiente Rivadavia, \u00e1rbitro: Luis \u00c1lvarez<\/p>\n<p>18.30&#8211; Hurac\u00e1n-Temperley, \u00e1rbitro: Pablo Lunati (TV)<\/p>\n<p>Domingo 10 de agosto<\/p>\n<p>15.15&#8211; Patronato-All Boys, \u00e1rbitro: Jorge Bali\u00f1o (TV)<\/p>\n<p>17.00&#8211; Atl\u00e9tico Tucum\u00e1n-Crucero del Norte, \u00e1rbitro: Mariano Gonz\u00e1lez<\/p>\n<p>17.15&#8211; Sportivo Belgrano-Uni\u00f3n de Santa Fe, \u00e1rbitro: Fernando Espinoza (TV)<\/p>\n<p>Libre: Santamarina de Tandil<\/p>\n","protected":false},"excerpt":{"rendered":"<p>En el arranque del torneo de Primera B Nacional, el s\u00e1bado a las 14 y por la zona B, se medir\u00e1n Sarmiento de Jun\u00edn e Independiente Rivadavia. La jornada continuar\u00e1 con cuatro partidos y el domingo se jugar\u00e1n cinco encuentros. As\u00ed se jugar\u00e1 la 1a. fecha de Primera B Nacional: ZONA A S\u00e1bado 9 de [&hellip;]<\/p>\n","protected":false},"author":2,"featured_media":24225,"comment_status":"open","ping_status":"open","sticky":false,"template":"","format":"standard","meta":{"_et_pb_use_builder":"","_et_pb_old_content":"","_et_gb_content_width":"","footnotes":""},"categories":[47,14],"tags":[],"class_list":["post-26593","post","type-post","status-publish","format-standard","has-post-thumbnail","hentry","category-1o-division-b-nacional","category-deportes"],"_links":{"self":[{"href":"https:\/\/vocesdebaires.com.ar\/index.php\/wp-json\/wp\/v2\/posts\/26593"}],"collection":[{"href":"https:\/\/vocesdebaires.com.ar\/index.php\/wp-json\/wp\/v2\/posts"}],"about":[{"href":"https:\/\/vocesdebaires.com.ar\/index.php\/wp-json\/wp\/v2\/types\/post"}],"author":[{"embeddable":true,"href":"https:\/\/vocesdebaires.com.ar\/index.php\/wp-json\/wp\/v2\/users\/2"}],"replies":[{"embeddable":true,"href":"https:\/\/vocesdebaires.com.ar\/index.php\/wp-json\/wp\/v2\/comments?post=26593"}],"version-history":[{"count":0,"href":"https:\/\/vocesdebaires.com.ar\/index.php\/wp-json\/wp\/v2\/posts\/26593\/revisions"}],"wp:featuredmedia":[{"embeddable":true,"href":"https:\/\/vocesdebaires.com.ar\/index.php\/wp-json\/wp\/v2\/media\/24225"}],"wp:attachment":[{"href":"https:\/\/vocesdebaires.com.ar\/index.php\/wp-json\/wp\/v2\/media?parent=26593"}],"wp:term":[{"taxonomy":"category","embeddable":true,"href":"https:\/\/vocesdebaires.com.ar\/index.php\/wp-json\/wp\/v2\/categories?post=26593"},{"taxonomy":"post_tag","embeddable":true,"href":"https:\/\/vocesdebaires.com.ar\/index.php\/wp-json\/wp\/v2\/tags?post=26593"}],"curies":[{"name":"wp","href":"https:\/\/api.w.org\/{rel}","templated":true}]}}