{"id":2660,"date":"2020-10-12T03:15:03","date_gmt":"2020-10-12T06:15:03","guid":{"rendered":"http:\/\/vocesdebaires.com.ar\/wordpress\/index.php\/2020\/10\/12\/ambiente-libero-un-aguara-guazu-en-una-reserva\/"},"modified":"2020-10-12T03:15:03","modified_gmt":"2020-10-12T06:15:03","slug":"ambiente-libero-un-aguara-guazu-en-una-reserva","status":"publish","type":"post","link":"https:\/\/vocesdebaires.com.ar\/index.php\/2020\/10\/12\/ambiente-libero-un-aguara-guazu-en-una-reserva\/","title":{"rendered":"Ambiente liber\u00f3 un aguar\u00e1 guaz\u00fa en una reserva"},"content":{"rendered":"<p>El Ministerio de Ambiente y Desarrollo Sostenible de la Naci\u00f3n, a trav\u00e9s de la Brigada de Control Ambiental, liber\u00f3 en su entorno natural de pastizales al ejemplar de aguar\u00e1 guaz\u00fa hembra que fue rescatado en agosto en la localidad de General Villegas, noroeste de la provincia de Buenos Aires. Gracias al trabajo articulado de la cartera nacional que lidera Juan Cabandi\u00e9 y la Fundaci\u00f3n Temaik\u00e8n, el animal pudo volver a su h\u00e1bitat mediante su reinserci\u00f3n en una reserva ubicada en Santa Fe.<\/p>\n<p>Luego de ser rescatado, el animal cumpli\u00f3 con el per\u00edodo de cuarentena en el Centro de Rescate de Temaik\u00e8n, en el que se le practic\u00f3 una revisi\u00f3n cl\u00ednica que const\u00f3 de radiograf\u00edas, ecograf\u00edas, desparasitaci\u00f3n y an\u00e1lisis de sangre. Se lo mantuvo en un ambiente con vegetaci\u00f3n natural, aislado en todo momento de contacto humano y manteniendo sus h\u00e1bitos de alimentaci\u00f3n. Al momento de su liberaci\u00f3n el ejemplar gozaba de buen estado sanitario y comportamental, con el alta sanitaria.<\/p>\n<p>Para todos los individuos de la fauna silvestre rescatados se procura que su reinserci\u00f3n se concrete lo m\u00e1s cerca posible del lugar de hallazgo y donde puedan encontrarse poblaciones de origen del animal. Dado que la provincia de Santa Fe tiene experiencia de trabajo en rescates y liberaciones de aguar\u00e1 guaz\u00fa, la Direcci\u00f3n Nacional de Biodiversidad del Ministerio consider\u00f3 al \u00e1rea natural protegida privada al sur de dicha provincia como la zona m\u00e1s adecuada para el ejemplar. Por tanto, se decidi\u00f3 que el sitio preciso para la liberaci\u00f3n sea la Reserva Federico Wildermuth, donde ya se han realizado reinserciones de la especie.  De las actividades particip\u00f3 la Direcci\u00f3n de Fauna de la provincia de Santa Fe.<\/p>\n<p>El aguar\u00e1 guaz\u00fa (Chrysocyon brachyurus) es el m\u00e1s grande de los c\u00e1nidos sudamericanos. Su pelaje es m\u00e1s bien largo, de color rojo, y en la nuca y la cruz tienen una especie de crin oscura. Es omn\u00edvoro y caza de manera oportunista ratas, armadillos, cuises, aves, peque\u00f1os vertebrados e insectos, complementando su dieta con frutos silvestres. Su \u00e1rea de distribuci\u00f3n est\u00e1 en las provincias de Corrientes, Formosa, Chaco, norte de Santa Fe y C\u00f3rdoba y este de Santiago del Estero. Tambi\u00e9n es probable su presencia en el norte de Entre R\u00edos.<\/p>\n","protected":false},"excerpt":{"rendered":"<p>El Ministerio de Ambiente y Desarrollo Sostenible de la Naci\u00f3n, a trav\u00e9s de la Brigada de Control Ambiental, liber\u00f3 en su entorno natural de pastizales al ejemplar de aguar\u00e1 guaz\u00fa hembra que fue rescatado en agosto en la localidad de General Villegas, noroeste de la provincia de Buenos Aires. Gracias al trabajo articulado de la [&hellip;]<\/p>\n","protected":false},"author":1,"featured_media":2661,"comment_status":"open","ping_status":"open","sticky":false,"template":"","format":"standard","meta":{"_et_pb_use_builder":"","_et_pb_old_content":"","_et_gb_content_width":"","footnotes":""},"categories":[34,13],"tags":[],"class_list":["post-2660","post","type-post","status-publish","format-standard","has-post-thumbnail","hentry","category-politica","category-provincia"],"_links":{"self":[{"href":"https:\/\/vocesdebaires.com.ar\/index.php\/wp-json\/wp\/v2\/posts\/2660"}],"collection":[{"href":"https:\/\/vocesdebaires.com.ar\/index.php\/wp-json\/wp\/v2\/posts"}],"about":[{"href":"https:\/\/vocesdebaires.com.ar\/index.php\/wp-json\/wp\/v2\/types\/post"}],"author":[{"embeddable":true,"href":"https:\/\/vocesdebaires.com.ar\/index.php\/wp-json\/wp\/v2\/users\/1"}],"replies":[{"embeddable":true,"href":"https:\/\/vocesdebaires.com.ar\/index.php\/wp-json\/wp\/v2\/comments?post=2660"}],"version-history":[{"count":0,"href":"https:\/\/vocesdebaires.com.ar\/index.php\/wp-json\/wp\/v2\/posts\/2660\/revisions"}],"wp:featuredmedia":[{"embeddable":true,"href":"https:\/\/vocesdebaires.com.ar\/index.php\/wp-json\/wp\/v2\/media\/2661"}],"wp:attachment":[{"href":"https:\/\/vocesdebaires.com.ar\/index.php\/wp-json\/wp\/v2\/media?parent=2660"}],"wp:term":[{"taxonomy":"category","embeddable":true,"href":"https:\/\/vocesdebaires.com.ar\/index.php\/wp-json\/wp\/v2\/categories?post=2660"},{"taxonomy":"post_tag","embeddable":true,"href":"https:\/\/vocesdebaires.com.ar\/index.php\/wp-json\/wp\/v2\/tags?post=2660"}],"curies":[{"name":"wp","href":"https:\/\/api.w.org\/{rel}","templated":true}]}}