{"id":26602,"date":"2014-08-11T14:13:06","date_gmt":"2014-08-11T17:13:06","guid":{"rendered":"http:\/\/vocesdebaires.com.ar\/wordpress\/index.php\/2014\/08\/11\/vidal-en-moron-benito-juarez-y-coronel-suarez-2\/"},"modified":"2014-08-11T14:13:06","modified_gmt":"2014-08-11T17:13:06","slug":"vidal-en-moron-benito-juarez-y-coronel-suarez-2","status":"publish","type":"post","link":"https:\/\/vocesdebaires.com.ar\/index.php\/2014\/08\/11\/vidal-en-moron-benito-juarez-y-coronel-suarez-2\/","title":{"rendered":"Vidal: En Mor\u00f3n , Benito Ju\u00e1rez y Coronel Su\u00e1rez"},"content":{"rendered":"<p><span style=\"line-height: 1.3em;\"> <\/span><span style=\"line-height: 1.3em;\"> La referente del Pro bonaerense Maria Eugenia Vidal visit\u00f3 hoy el Club Mor\u00f3n en el marco de los festejos por el d\u00eda del ni\u00f1o para participar de una cl\u00ednica de tenis gratuita a cargo de Juan Ignacio Chela y \u201cdisfrutar un buen momento junto a los chicos del barrio\u201d. <\/span><span style=\"line-height: 1.3em;\">Acompa\u00f1ada por su marido y referente del Pro en el distrito, Ramiro Tagliaferro, Vidal recorri\u00f3 las instalaciones del club y destac\u00f3: \u201cEl esfuerzo que hacen las autoridades y los socios para, sin ayuda del Estado, mantener de pie este espacio; es fundamental para el presente y el futuro de los chicos de Mor\u00f3n\u201d.<\/span><\/p>\n<p>&#8212;&#8212;&#8212;&#8212;&#8212;&#8212;&#8212;&#8212;&#8212;&#8212;&#8212;&#8212;&#8212;&#8212;&#8212;&#8212;&#8212;&#8212;&#8212;&#8212;&#8212;&#8212;&#8212;&#8212;&#8212;&#8212;&#8212;&#8212;&#8212;&#8212;&#8212;&#8212;&#8212;&#8212;&#8212;&#8212;&#8212;&#8212;&#8212;&#8212;&#8212;&#8212;&#8212;&#8212;&#8212;&#8212;&#8212;&#8212;&#8212;&#8212;&#8212;&#8212;&#8212;&#8212;&#8212;&#8212;&#8212;&#8212;&#8212;&#8212;&#8212;&#8211;<\/p>\n<p><span style=\"line-height: 1.3em;\">Vidal: \u201cEl problema en la Argentina es que la corrupci\u00f3n goza de impunidad\u201d<\/span><\/p>\n<p><span style=\"line-height: 1.3em;\">La referente del PRO bonaerense, Mar\u00eda Eugenia Vidal, afirm\u00f3 que \u201cel problema en la Argentina es que la corrupci\u00f3n goza de impunidad\u201d. Plante\u00f3, en ese sentido, que \u201cen la medida en que no haya castigo ejemplar, esto no va a terminar\u201d.<\/span><span style=\"line-height: 1.3em;\">Durante una visita a Coronel Su\u00e1rez, Vidal sostuvo que \u201cgenera enojo e impotencia en la gente cuando los funcionarios permanecen a\u00f1os en sus cargos con acusaciones graves de corrupci\u00f3n, o cuando la Justicia nunca termina de fallar o falla tarde\u201d.<\/span><\/p>\n<p><span style=\"line-height: 1.3em;\">Agreg\u00f3 que \u00abel pr\u00f3ximo presidente tiene que dialogar con el Poder Judicial y preguntarle qu\u00e9 necesita para actuar en tiempo real, y dejarlo actuar de manera independiente\u201d.<\/span><span style=\"line-height: 1.3em;\">\u00abNosotros hace seis a\u00f1os que gobernamos la Ciudad y no hemos tenido un esc\u00e1ndalo de corrupci\u00f3n, porque tenemos una Justicia independiente, funcionarios honestos y una manera de gobernar trasparente\u00bb, puntualiz\u00f3.<\/span><span style=\"line-height: 1.3em;\">Asimismo se refiri\u00f3 a la situaci\u00f3n del sector agropecuario y se\u00f1al\u00f3 que \u201cno tienen explicaci\u00f3n las pol\u00edticas restrictivas que ha sufrido el campo. Nos dec\u00edan que eran para cuidar la mesa de los argentinos, y, cuando esta pol\u00edtica empez\u00f3, el pan costaba $2,50 y hoy cuesta $25. No s\u00f3lo no se cuid\u00f3 la mesa de la gente, sino que se limit\u00f3 el potencial de desarrollo de much\u00edsimos productores de la Provincia\u00bb, explic\u00f3.<\/span><\/p>\n<p>Vidal asever\u00f3 que \u00abcon Mauricio Macri se abre una enorme posibilidad a partir de 2015, porque vamos a ir por el camino de eliminar las trabas al campo para que vuelva a crecer, ya que cuando crece el campo, crece la Argentina\u00bb.<span style=\"line-height: 1.3em;\">Por \u00faltimo record\u00f3 que \u00abMauricio siempre ha tenido una postura muy firme respecto al campo, de decirle no a las retenciones, mientras que muchos candidatos que eran parte del gobierno cuando fue la 125 y que avalaron p\u00fablicamente la medida, hoy dicen que van a eliminar las retenciones\u201d.<\/span><span style=\"line-height: 1.3em;\">Acompa\u00f1ada por el diputado nacional Eduardo Amadeo y el referente del macrismo, Jorge Srodek, Vidal visit\u00f3 al orfebre local Hugo Zavalla, y luego visit\u00f3 una biblioteca parlante.<\/span><\/p>\n<p>&#8212;&#8212;&#8212;&#8212;&#8212;&#8212;&#8212;&#8212;&#8212;&#8212;&#8212;&#8212;&#8212;&#8212;&#8212;&#8212;&#8212;&#8212;&#8212;&#8212;&#8212;&#8212;&#8212;&#8212;&#8212;&#8212;&#8212;&#8212;&#8212;&#8212;&#8212;&#8212;&#8212;&#8212;&#8212;&#8212;&#8212;&#8212;&#8212;&#8212;&#8212;&#8212;&#8212;&#8212;&#8212;&#8212;&#8212;&#8212;&#8212;&#8212;&#8212;&#8212;&#8212;&#8212;&#8212;&#8212;<\/p>\n<p>En tanto, en Benito Ju\u00e1rez convers\u00f3 con los vecinos del barrio Villa Espa\u00f1a.<\/p>\n<p><span style=\"line-height: 1.3em;\">Vidal en Benito Ju\u00e1rez<\/span><\/p>\n<p><span style=\"line-height: 1.3em;\"> \u201cSe puede transformar la Provincia con una buena gesti\u00f3n\u201d<\/span><span style=\"line-height: 1.3em;\"> Durante una visita al partido bonaerense de Benito Ju\u00e1rez, Mar\u00eda Eugenia Vidal sostuvo que \u201cse puede transformar la Provincia con una buena gesti\u00f3n y una buena administraci\u00f3n de los recursos\u201d y enfatiz\u00f3 que \u201chay que cuidar el mango para ponerlo en obras\u201d.<\/span><span style=\"line-height: 1.3em;\">La referente del PRO bonaerense tambi\u00e9n afirm\u00f3: \u201cQuiero vivir en una Provincia donde la palabra tenga valor, donde los que gobiernan me digan que van a hacer algo y eso suceda\u201d.<\/span><span style=\"line-height: 1.3em;\">En charla con los vecinos de Benito Ju\u00e1rez, Vidal se manifest\u00f3 convencida de que \u201cse puede generar ese cambio, porque ya lo hicimos en la Ciudad de Buenos Aires y vamos a hacerlo con Mauricio Macri en toda la Argentina\u201d.<\/span><\/p>\n<p><span style=\"line-height: 1.3em;\">\u201cEn seis a\u00f1os gestionando la Ciudad mostramos que se puede gobernar con eficiencia, con di\u00e1logo y sin necesidad de confrontar con el otro, porque nunca tuvimos mayor\u00eda en la Legislatura ni un Poder Judicial adicto. Se puede gobernar con honestidad, que no tiene que ver s\u00f3lo con no robar, sino tambi\u00e9n con cumplir lo que se promete y reconocer cuando uno se equivoca\u201d, explic\u00f3 Vidal.<\/span><span style=\"line-height: 1.3em;\">La dirigente del Pro estuvo acompa\u00f1ada por el referente local del macrismo, Oscar Zabalza, el diputado nacional Eduardo Amadeo y el referente provincial Jorge Srodek. Visitaron el Centro de D\u00eda Despertares, recorrieron el barrio Villa Espa\u00f1a, donde se reunieron con vecinos, y luego asistieron a parte del Rally Mar y Sierras. <\/span><\/p>\n<p><span style=\"line-height: 1.3em;\"> <img decoding=\"async\" src=\"images\/stories\/11  vtenis.jpg\" border=\"0\" align=\"right\" \/><\/span><\/p>\n","protected":false},"excerpt":{"rendered":"<p>La referente del Pro bonaerense Maria Eugenia Vidal visit\u00f3 hoy el Club Mor\u00f3n en el marco de los festejos por el d\u00eda del ni\u00f1o para participar de una cl\u00ednica de tenis gratuita a cargo de Juan Ignacio Chela y \u201cdisfrutar un buen momento junto a los chicos del barrio\u201d. Acompa\u00f1ada por su marido y referente [&hellip;]<\/p>\n","protected":false},"author":2,"featured_media":24239,"comment_status":"open","ping_status":"open","sticky":false,"template":"","format":"standard","meta":{"_et_pb_use_builder":"","_et_pb_old_content":"","_et_gb_content_width":"","footnotes":""},"categories":[11,44],"tags":[],"class_list":["post-26602","post","type-post","status-publish","format-standard","has-post-thumbnail","hentry","category-ciudad","category-funcionarios-de-la-caba"],"_links":{"self":[{"href":"https:\/\/vocesdebaires.com.ar\/index.php\/wp-json\/wp\/v2\/posts\/26602"}],"collection":[{"href":"https:\/\/vocesdebaires.com.ar\/index.php\/wp-json\/wp\/v2\/posts"}],"about":[{"href":"https:\/\/vocesdebaires.com.ar\/index.php\/wp-json\/wp\/v2\/types\/post"}],"author":[{"embeddable":true,"href":"https:\/\/vocesdebaires.com.ar\/index.php\/wp-json\/wp\/v2\/users\/2"}],"replies":[{"embeddable":true,"href":"https:\/\/vocesdebaires.com.ar\/index.php\/wp-json\/wp\/v2\/comments?post=26602"}],"version-history":[{"count":0,"href":"https:\/\/vocesdebaires.com.ar\/index.php\/wp-json\/wp\/v2\/posts\/26602\/revisions"}],"wp:featuredmedia":[{"embeddable":true,"href":"https:\/\/vocesdebaires.com.ar\/index.php\/wp-json\/wp\/v2\/media\/24239"}],"wp:attachment":[{"href":"https:\/\/vocesdebaires.com.ar\/index.php\/wp-json\/wp\/v2\/media?parent=26602"}],"wp:term":[{"taxonomy":"category","embeddable":true,"href":"https:\/\/vocesdebaires.com.ar\/index.php\/wp-json\/wp\/v2\/categories?post=26602"},{"taxonomy":"post_tag","embeddable":true,"href":"https:\/\/vocesdebaires.com.ar\/index.php\/wp-json\/wp\/v2\/tags?post=26602"}],"curies":[{"name":"wp","href":"https:\/\/api.w.org\/{rel}","templated":true}]}}