{"id":26624,"date":"2014-08-13T14:24:42","date_gmt":"2014-08-13T17:24:42","guid":{"rendered":"http:\/\/vocesdebaires.com.ar\/wordpress\/index.php\/2014\/08\/13\/larretainauguro-la-expo-produccion-y-trabajo-de-la-rural-2\/"},"modified":"2014-08-13T14:24:42","modified_gmt":"2014-08-13T17:24:42","slug":"larretainauguro-la-expo-produccion-y-trabajo-de-la-rural-2","status":"publish","type":"post","link":"https:\/\/vocesdebaires.com.ar\/index.php\/2014\/08\/13\/larretainauguro-la-expo-produccion-y-trabajo-de-la-rural-2\/","title":{"rendered":"Larreta,inaugur\u00f3 la Expo Producci\u00f3n y Trabajo de la Rural"},"content":{"rendered":"<p><span style=\"line-height: 1.3em;\"> El Jefe de Gabinete, Horacio Rodr\u00edguez Larreta, inaugur\u00f3 \u00a0junto al Subsecretario de Trabajo, Industria y Comercio, Ezequiel Sabor, la primera edici\u00f3n de la Expo Producci\u00f3n y Trabajo, en la que participan diferentes oradores del \u00e1mbito econ\u00f3mico y pol\u00edtico. El evento se realiza en La Rural de Palermo hoy y ma\u00f1ana mi\u00e9rcoles de 12:30 a 20:00.<\/span><span style=\"line-height: 1.3em;\">\u201cSeguiremos apostando a reforzar el trabajo en conjunto, porque es la mejor manera de enfrentar este momento dif\u00edcil que vivimos. Sabemos que la Ciudad tiene un potencial enorme y nuestra actitud desde el Gobierno es ayudarlos. Dialogando y trabajando juntos podemos salir adelante\u201d, expres\u00f3 Rodr\u00edguez Larreta.<\/span><\/p>\n<p><span style=\"line-height: 1.3em;\">Por su parte, Ezequiel Sabor afirm\u00f3 que \u201cpara nosotros es un gran desaf\u00edo poder unir por un lado a los sindicatos, representantes de los trabajadores, y por el otro a las empresas y a las c\u00e1maras. La expectativa es que se logren generar v\u00ednculos y contactos positivos para avanzar en la construcci\u00f3n de una Ciudad mejor, con m\u00e1s empleo y producci\u00f3n\u201d.<\/span><span style=\"line-height: 1.3em;\">La 1\u00ba edici\u00f3n de la Expo Producci\u00f3n y Trabajo, que organiza el gobierno porte\u00f1o, incluye el congreso Panorama Econ\u00f3mico Productivo 2014-2015, en el que hoy expondr\u00e1n Hugo Moyano, Tom\u00e1s Bulat, Federico Sturzenegger, Monse\u00f1or Carlos Accaputo, Fabio Bertranou, Alfredo Fagalde, Gonzalo Pascual, Joaqu\u00edn Viramonte \u00a0y Carlos Pallotti.<\/span><\/p>\n<p><span style=\"line-height: 1.3em;\">En el segundo d\u00eda disertar\u00e1n Fernando Montes, Sebasti\u00e1n Dom\u00ednguez Dib, Carlos Pirovano, Roberto Cachanosky, Facundo Moyano, Julio Piumato, Carlos Gervasoni, Oscar Mart\u00ednez, Roberto Giunchetti, Fabricia Degiovanni y Carlos Melconian. El cierre estar\u00e1 a cargo del Jefe de Gobierno, Mauricio Macri, el d\u00eda mi\u00e9rcoles a las 20hs.<\/span><span style=\"line-height: 1.3em;\">El objetivo de estos encuentros es crear un espacio de intercambio, an\u00e1lisis y reflexi\u00f3n sobre temas de importancia nacional a trav\u00e9s de analistas pol\u00edticos, economistas, empresarios y dirigentes sindicales, referentes del sector tanto p\u00fablico como privado.<\/span><span style=\"line-height: 1.3em;\">La Expo Producci\u00f3n y Trabajo cuenta con m\u00e1s de 90 stands de empresas, Pymes, c\u00e1maras y sindicatos. Entre los que estan presentes se encuentran el Banco Ciudad, Microsoft, Prosegur, Adecco, Manpower, Ombu, BDO, Swiss Medical, Citibank, entre muchos otros.<\/span><\/p>\n","protected":false},"excerpt":{"rendered":"<p>El Jefe de Gabinete, Horacio Rodr\u00edguez Larreta, inaugur\u00f3 \u00a0junto al Subsecretario de Trabajo, Industria y Comercio, Ezequiel Sabor, la primera edici\u00f3n de la Expo Producci\u00f3n y Trabajo, en la que participan diferentes oradores del \u00e1mbito econ\u00f3mico y pol\u00edtico. El evento se realiza en La Rural de Palermo hoy y ma\u00f1ana mi\u00e9rcoles de 12:30 a 20:00.\u201cSeguiremos [&hellip;]<\/p>\n","protected":false},"author":2,"featured_media":24280,"comment_status":"open","ping_status":"open","sticky":false,"template":"","format":"standard","meta":{"_et_pb_use_builder":"","_et_pb_old_content":"","_et_gb_content_width":"","footnotes":""},"categories":[11,44],"tags":[],"class_list":["post-26624","post","type-post","status-publish","format-standard","has-post-thumbnail","hentry","category-ciudad","category-funcionarios-de-la-caba"],"_links":{"self":[{"href":"https:\/\/vocesdebaires.com.ar\/index.php\/wp-json\/wp\/v2\/posts\/26624"}],"collection":[{"href":"https:\/\/vocesdebaires.com.ar\/index.php\/wp-json\/wp\/v2\/posts"}],"about":[{"href":"https:\/\/vocesdebaires.com.ar\/index.php\/wp-json\/wp\/v2\/types\/post"}],"author":[{"embeddable":true,"href":"https:\/\/vocesdebaires.com.ar\/index.php\/wp-json\/wp\/v2\/users\/2"}],"replies":[{"embeddable":true,"href":"https:\/\/vocesdebaires.com.ar\/index.php\/wp-json\/wp\/v2\/comments?post=26624"}],"version-history":[{"count":0,"href":"https:\/\/vocesdebaires.com.ar\/index.php\/wp-json\/wp\/v2\/posts\/26624\/revisions"}],"wp:featuredmedia":[{"embeddable":true,"href":"https:\/\/vocesdebaires.com.ar\/index.php\/wp-json\/wp\/v2\/media\/24280"}],"wp:attachment":[{"href":"https:\/\/vocesdebaires.com.ar\/index.php\/wp-json\/wp\/v2\/media?parent=26624"}],"wp:term":[{"taxonomy":"category","embeddable":true,"href":"https:\/\/vocesdebaires.com.ar\/index.php\/wp-json\/wp\/v2\/categories?post=26624"},{"taxonomy":"post_tag","embeddable":true,"href":"https:\/\/vocesdebaires.com.ar\/index.php\/wp-json\/wp\/v2\/tags?post=26624"}],"curies":[{"name":"wp","href":"https:\/\/api.w.org\/{rel}","templated":true}]}}