{"id":2666,"date":"2020-10-09T03:00:00","date_gmt":"2020-10-09T06:00:00","guid":{"rendered":"http:\/\/vocesdebaires.com.ar\/wordpress\/index.php\/2020\/10\/09\/crean-el-gabinete-joven-en-la-ciudad\/"},"modified":"2020-10-09T03:00:00","modified_gmt":"2020-10-09T06:00:00","slug":"crean-el-gabinete-joven-en-la-ciudad","status":"publish","type":"post","link":"https:\/\/vocesdebaires.com.ar\/index.php\/2020\/10\/09\/crean-el-gabinete-joven-en-la-ciudad\/","title":{"rendered":"Crean el Gabinete Joven en la Ciudad"},"content":{"rendered":"<p>La Legislatura de la Ciudad aprob\u00f3 ayer una ley con el fin de abordar las pol\u00edticas p\u00fablicas desde una mirada juvenil y dispuso la creaci\u00f3n de un Gabinete Joven en el \u00e1mbito del Poder Ejecutivo de la Ciudad Aut\u00f3noma de Buenos Aires. El organismo ser\u00e1 presidido por el Jefe\/a de Gobierno o por quien \u00e9l designe mientras que el Director\/a General de Pol\u00edticas de Juventud estar\u00e1 a cargo de su coordinaci\u00f3n. \u00abEl Gabinete Joven tiene por objeto introducir la perspectiva de las personas j\u00f3venes en la gesti\u00f3n de los asuntos de gobierno e involucrarlas en los procesos de toma de decisiones atinentes al dise\u00f1o, implementaci\u00f3n, seguimiento y evaluaci\u00f3n de las pol\u00edticas p\u00fablicas\u00bb, sostiene uno de los art\u00edculos de la ley aprobada ayer por la tarde, por iniciativa del legislador Roy Cortina (PS).<\/p>\n<p>Se estableci\u00f3 que quienes conformen el Gabinete Joven deber\u00e1n tener menos de treinta a\u00f1os de edad y a la vez el \u00e1rea estar\u00e1 integrada por dos personas de distintos g\u00e9neros en representaci\u00f3n de cada ministerio y secretar\u00eda dependiente de la Jefatura de Gobierno. Los fundamentos del proyecto explican que se busca \u00abpromover que las funcionarias y los funcionarios j\u00f3venes asuman responsabilidades de gesti\u00f3n de relevancia y se vuelvan part\u00edcipes de los procesos de toma de decisiones que se registran hacia el interior de las distintas \u00e1reas gubernamentales\u00bb.<\/p>\n","protected":false},"excerpt":{"rendered":"<p>La Legislatura de la Ciudad aprob\u00f3 ayer una ley con el fin de abordar las pol\u00edticas p\u00fablicas desde una mirada juvenil y dispuso la creaci\u00f3n de un Gabinete Joven en el \u00e1mbito del Poder Ejecutivo de la Ciudad Aut\u00f3noma de Buenos Aires. El organismo ser\u00e1 presidido por el Jefe\/a de Gobierno o por quien \u00e9l [&hellip;]<\/p>\n","protected":false},"author":1,"featured_media":2667,"comment_status":"open","ping_status":"open","sticky":false,"template":"","format":"standard","meta":{"_et_pb_use_builder":"","_et_pb_old_content":"","_et_gb_content_width":"","footnotes":""},"categories":[11,33],"tags":[],"class_list":["post-2666","post","type-post","status-publish","format-standard","has-post-thumbnail","hentry","category-ciudad","category-sociedad-y-cultura-2"],"_links":{"self":[{"href":"https:\/\/vocesdebaires.com.ar\/index.php\/wp-json\/wp\/v2\/posts\/2666"}],"collection":[{"href":"https:\/\/vocesdebaires.com.ar\/index.php\/wp-json\/wp\/v2\/posts"}],"about":[{"href":"https:\/\/vocesdebaires.com.ar\/index.php\/wp-json\/wp\/v2\/types\/post"}],"author":[{"embeddable":true,"href":"https:\/\/vocesdebaires.com.ar\/index.php\/wp-json\/wp\/v2\/users\/1"}],"replies":[{"embeddable":true,"href":"https:\/\/vocesdebaires.com.ar\/index.php\/wp-json\/wp\/v2\/comments?post=2666"}],"version-history":[{"count":0,"href":"https:\/\/vocesdebaires.com.ar\/index.php\/wp-json\/wp\/v2\/posts\/2666\/revisions"}],"wp:featuredmedia":[{"embeddable":true,"href":"https:\/\/vocesdebaires.com.ar\/index.php\/wp-json\/wp\/v2\/media\/2667"}],"wp:attachment":[{"href":"https:\/\/vocesdebaires.com.ar\/index.php\/wp-json\/wp\/v2\/media?parent=2666"}],"wp:term":[{"taxonomy":"category","embeddable":true,"href":"https:\/\/vocesdebaires.com.ar\/index.php\/wp-json\/wp\/v2\/categories?post=2666"},{"taxonomy":"post_tag","embeddable":true,"href":"https:\/\/vocesdebaires.com.ar\/index.php\/wp-json\/wp\/v2\/tags?post=2666"}],"curies":[{"name":"wp","href":"https:\/\/api.w.org\/{rel}","templated":true}]}}