{"id":26743,"date":"2014-09-02T14:08:53","date_gmt":"2014-09-02T17:08:53","guid":{"rendered":"http:\/\/vocesdebaires.com.ar\/wordpress\/index.php\/2014\/09\/02\/distinguieron-al-ex-arquero-jose-luis-felix-chilavert-2\/"},"modified":"2014-09-02T14:08:53","modified_gmt":"2014-09-02T17:08:53","slug":"distinguieron-al-ex-arquero-jose-luis-felix-chilavert-2","status":"publish","type":"post","link":"https:\/\/vocesdebaires.com.ar\/index.php\/2014\/09\/02\/distinguieron-al-ex-arquero-jose-luis-felix-chilavert-2\/","title":{"rendered":"Distinguieron al ex arquero Jos\u00e9 Luis F\u00e9lix Chilavert"},"content":{"rendered":"<p><span style=\"line-height: 1.3em;\">Ayer por la tarde &#8211; noche en el Sal\u00f3n Montevideo del Palacio legislativo se distingui\u00f3 al ex arquero del club V\u00e9lez Sarsfield, Jos\u00e9 Luis F\u00e9lix Chilavert, mundialmente conocido por ser el segundo arquero m\u00e1s goleador de todos los tiempos.<\/span><span style=\"line-height: 1.3em;\">La iniciativa de los diputados Cristian Ritondo, Karina Spalla y Roberto Quattromano (PRO) fue sancionada el 15 de mayo por la Legislatura porte\u00f1a y destaca su experiencia como arquero, siendo el primer jugador en ese puesto que convirti\u00f3 un gol de tiro libre en el mundo, un 2 de octubre de 1994 ante Deportivo Espa\u00f1ol. Su potente pegada de su pie izquierdo lo llev\u00f3 a convertirse en una leyenda, una figura sacra para los hinchas de V\u00e9lez Sarsfield.<\/span><\/p>\n<p>Chilavert se describi\u00f3 como una persona que siempre se ha jugado en la vida y en ese sentido expres\u00f3 que \u00abBuenos Aires es una de la ciudades m\u00e1s lindas del planeta. Me encantar\u00eda que Mauricio Macri sea el presidente de Argentina\u00bb. Adem\u00e1s el ex arquero agreg\u00f3 emocionado: \u00abMe siento muy orgulloso de recibir este premio. Una distinci\u00f3n en vida es lo m\u00e1ximo y puedo disfrutarlo con mi familia. V\u00e9lez es mi casa\u00bb.<\/p>\n<p><span style=\"line-height: 1.3em;\">El legislador Roberto Quattromano destac\u00f3 el trabajo social de Chilavert: \u00abAgradezco la valent\u00eda por preocuparse por los que m\u00e1s lo necesitan\u00bb. \u00abEs uno de los \u00eddolos m\u00e1s grandes que tiene V\u00e9lez y me pone muy contento poder homenajearlo, lo tiene merecido en lo profesional y en lo deportivo\u00bb concluy\u00f3 el diputado. Por su parte, Spalla se\u00f1al\u00f3 que \u00abla persona de Jos\u00e9 Luis demuestra que su verdadero ser supera al personaje y eso creo que es lo que hoy lo sigue manteniendo como \u00eddolo indiscutido\u00bb.<\/span><\/p>\n<p>Chilavert fue el primer arquero que convirti\u00f3 tres goles en un partido, y lo consigui\u00f3 jugando para V\u00e9lez S\u00e1rsfield en la victoria recordada por 6-1 a Ferro Carril Oeste, su cl\u00e1sico rival, el 28 de noviembre de 1999. Esta cita hist\u00f3rica qued\u00f3 marcada en el record guinness. Es para resaltar que jug\u00f3 347 cotejos nacionales e internacionales durante su carrera en \u00abEl Fort\u00edn\u00bb, marcando 48 goles. En 1994 gan\u00f3 la Copa Libertadores de Am\u00e9rica y la Copa Intercontinental con el equipo del barrio de Liniers. A lo largo de su trayectoria ha mostrado una fuerte personalidad, que lo llev\u00f3 a tener fuertes discusiones con varios rivales.<\/p>\n<p>Asistieron al evento fan\u00e1ticos del Club Atl\u00e9tico V\u00e9lez Sarsfield, quienes disfrutaron del c\u00e1lido momento junto a uno de sus \u00eddolos y tambi\u00e9n pudieron revivir en un video algunos de sus goles m\u00e1s emblem\u00e1ticos, como el que le convirtiera a River Plate de tiro libre desde su propio campo.<span style=\"line-height: 1.3em;\">Jos\u00e9 Luis Chilavert es un ex futbolista paraguayo considerado como uno de los \u00eddolos m\u00e1ximos en la historia centenaria del Club Atl\u00e9tico V\u00e9lez Sarsfield de Argentina y uno de los jugadores m\u00e1s emblem\u00e1ticos de la Selecci\u00f3n de f\u00fatbol de Paraguay. Actualmente, se postula como Presidente de V\u00e9lez Sarsfield para las elecciones de noviembre de este a\u00f1o con la Unidad Velezana.<\/span><\/p>\n<p><span style=\"line-height: 1.3em;\">Foto : Jos\u00e9 Luis Chilavert con el diploma de Personalidad Destacada del deporte. A su lado los diputados Karina Spalla y Roberto Quattromano (PRO) autores de la iniciativa<\/span><\/p>\n","protected":false},"excerpt":{"rendered":"<p>Ayer por la tarde &#8211; noche en el Sal\u00f3n Montevideo del Palacio legislativo se distingui\u00f3 al ex arquero del club V\u00e9lez Sarsfield, Jos\u00e9 Luis F\u00e9lix Chilavert, mundialmente conocido por ser el segundo arquero m\u00e1s goleador de todos los tiempos.La iniciativa de los diputados Cristian Ritondo, Karina Spalla y Roberto Quattromano (PRO) fue sancionada el 15 [&hellip;]<\/p>\n","protected":false},"author":2,"featured_media":24497,"comment_status":"open","ping_status":"open","sticky":false,"template":"","format":"standard","meta":{"_et_pb_use_builder":"","_et_pb_old_content":"","_et_gb_content_width":"","footnotes":""},"categories":[39,14],"tags":[],"class_list":["post-26743","post","type-post","status-publish","format-standard","has-post-thumbnail","hentry","category-1o-division-a","category-deportes"],"_links":{"self":[{"href":"https:\/\/vocesdebaires.com.ar\/index.php\/wp-json\/wp\/v2\/posts\/26743"}],"collection":[{"href":"https:\/\/vocesdebaires.com.ar\/index.php\/wp-json\/wp\/v2\/posts"}],"about":[{"href":"https:\/\/vocesdebaires.com.ar\/index.php\/wp-json\/wp\/v2\/types\/post"}],"author":[{"embeddable":true,"href":"https:\/\/vocesdebaires.com.ar\/index.php\/wp-json\/wp\/v2\/users\/2"}],"replies":[{"embeddable":true,"href":"https:\/\/vocesdebaires.com.ar\/index.php\/wp-json\/wp\/v2\/comments?post=26743"}],"version-history":[{"count":0,"href":"https:\/\/vocesdebaires.com.ar\/index.php\/wp-json\/wp\/v2\/posts\/26743\/revisions"}],"wp:featuredmedia":[{"embeddable":true,"href":"https:\/\/vocesdebaires.com.ar\/index.php\/wp-json\/wp\/v2\/media\/24497"}],"wp:attachment":[{"href":"https:\/\/vocesdebaires.com.ar\/index.php\/wp-json\/wp\/v2\/media?parent=26743"}],"wp:term":[{"taxonomy":"category","embeddable":true,"href":"https:\/\/vocesdebaires.com.ar\/index.php\/wp-json\/wp\/v2\/categories?post=26743"},{"taxonomy":"post_tag","embeddable":true,"href":"https:\/\/vocesdebaires.com.ar\/index.php\/wp-json\/wp\/v2\/tags?post=26743"}],"curies":[{"name":"wp","href":"https:\/\/api.w.org\/{rel}","templated":true}]}}