{"id":2677,"date":"2020-10-08T03:00:00","date_gmt":"2020-10-08T06:00:00","guid":{"rendered":"http:\/\/vocesdebaires.com.ar\/wordpress\/index.php\/2020\/10\/08\/parque-olimpico-dos-anos-de-buenos-aires-2018\/"},"modified":"2020-10-08T03:00:00","modified_gmt":"2020-10-08T06:00:00","slug":"parque-olimpico-dos-anos-de-buenos-aires-2018","status":"publish","type":"post","link":"https:\/\/vocesdebaires.com.ar\/index.php\/2020\/10\/08\/parque-olimpico-dos-anos-de-buenos-aires-2018\/","title":{"rendered":"Parque Ol\u00edmpico dos a\u00f1os de Buenos Aires 2018"},"content":{"rendered":"<p>Hace un mes reabri\u00f3 el Parque Ol\u00edmpico para deportistas de alto rendimiento, luego de seis meses de estar cerrado por la pandemia. Y el pasado , 6 de octubre, es el segundo aniversario de la realizaci\u00f3n de los Juegos Ol\u00edmpicos de la Juventud, que en 2018 marcaron un hito en la historia deportiva e internacional porte\u00f1a. El Parque es el mayor legado material de aquel gran evento. Ubicado en Villa Soldati, cuenta con infraestructura deportiva de vanguardia para alto rendimiento y sus instalaciones fueron certificadas por el Comit\u00e9 Ol\u00edmpico Internacional, cumpliendo los m\u00e1s altos est\u00e1ndares internacionales.<\/p>\n<p>Tras la finalizaci\u00f3n de los Juegos, se consolid\u00f3 como un centro de desarrollo deportivo en el sur porte\u00f1o que durante todo el 2019 recibi\u00f3 m\u00e1s de 20 mil atletas de todo el pa\u00eds y desde el 7 de septiembre, cuando fue reabierto, ya lo utilizaron 500 deportistas de alto rendimiento (321 nadadores y 179 deportistas que entrenan en la pista de atletismo). M\u00e1s all\u00e1 de su importancia deportiva, este a\u00f1o pas\u00f3 a cumplir un fuerte rol social ante la irrupci\u00f3n de la pandemia debido a la situaci\u00f3n de emergencia sanitaria. Tres de sus pabellones fueron reacondicionados para recibir gente en situaci\u00f3n de calle con el objetivo de reforzar la cantidad de camas disponibles que tienen los Centros de Inclusi\u00f3n Social porte\u00f1os. Es as\u00ed que el Parque Ol\u00edmpico pas\u00f3 a brindar 548 plazas para las personas m\u00e1s vulnerables, ofreciendo diferentes espacios para albergar varones, mujeres y familias.<\/p>\n<p><strong>C\u00f3mo funciona la infraestructura deportiva m\u00e1s moderna de Argentina<\/strong><br \/>La pileta del Parque Ol\u00edmpico abre de lunes a viernes de 8 a 18 horas y su funcionamiento es bajo estrictos protocolos, que entre las caracter\u00edsticas m\u00e1s sobresalientes contempla limitar la cantidad de nadadores por andarivel a no m\u00e1s de uno, con asignaci\u00f3n turnos fijos de 1:30 horas, m\u00e1s media hora para preparativos. La capacidad m\u00e1xima es de 20 nadadores por turno y todos los atletas deben reservar previamente su lugar a trav\u00e9s de la Confederaci\u00f3n Argentina de Deportes Acu\u00e1ticos (CADDA).El natatorio funciona en el barrio de Villa Soldati, perteneciente a la comuna 8, es el m\u00e1s moderno de la Argentina, tiene apenas dos a\u00f1os de uso y se ubica en un pabell\u00f3n de 130 x 65 metros.<\/p>\n<p>Cuenta con dos piletas, una de 25 metros de ancho por 50 metros de largo y 2 metros de profundidad, conformada por ocho carriles centrales y dos laterales. Tiene un sistema que permite dividir la pileta en dos para posibilitar usarla en pruebas de 25 metros. La segunda es para saltos ornamentales, tiene 25 metros por lado y 5 metros de profundidad. Cuenta con infraestructura de plataformas de 3, de 5 y de 10 metros de altura y con trampolines de 1 y 3 metros. Para ampliar la capacidad de nadadores en simult\u00e1neo y asegurar el distanciamiento requerido entre ellos indicado en los protocolos, tambi\u00e9n se dividir\u00e1 esta piscina con andariveles para ser utilizada por nadadores.<\/p>\n<p>M\u00e1s all\u00e1 de la nataci\u00f3n, en el Parque Ol\u00edmpico tambi\u00e9n funciona la pista de atletismo, que est\u00e1 disponible de lunes a viernes, en dos turnos: de 11 a 13 y de 14 a 16 horas para los deportistas que integran la Federaci\u00f3n Atl\u00e9tica Metropolitana (FAM).El parque posee dos pistas de atletismo que cuentan con dos cajones de salto y \u00e1reas de lanzamiento para disco, bala, martillo y jabalina. Las \u00e1reas verdes del anillo interno de las pistas est\u00e1n cubiertas con un c\u00e9sped especial llamado tifway 419 h\u00edbrido homologado.<\/p>\n","protected":false},"excerpt":{"rendered":"<p>Hace un mes reabri\u00f3 el Parque Ol\u00edmpico para deportistas de alto rendimiento, luego de seis meses de estar cerrado por la pandemia. Y el pasado , 6 de octubre, es el segundo aniversario de la realizaci\u00f3n de los Juegos Ol\u00edmpicos de la Juventud, que en 2018 marcaron un hito en la historia deportiva e internacional [&hellip;]<\/p>\n","protected":false},"author":1,"featured_media":2678,"comment_status":"open","ping_status":"open","sticky":false,"template":"","format":"standard","meta":{"_et_pb_use_builder":"","_et_pb_old_content":"","_et_gb_content_width":"","footnotes":""},"categories":[11,32],"tags":[],"class_list":["post-2677","post","type-post","status-publish","format-standard","has-post-thumbnail","hentry","category-ciudad","category-comunas"],"_links":{"self":[{"href":"https:\/\/vocesdebaires.com.ar\/index.php\/wp-json\/wp\/v2\/posts\/2677"}],"collection":[{"href":"https:\/\/vocesdebaires.com.ar\/index.php\/wp-json\/wp\/v2\/posts"}],"about":[{"href":"https:\/\/vocesdebaires.com.ar\/index.php\/wp-json\/wp\/v2\/types\/post"}],"author":[{"embeddable":true,"href":"https:\/\/vocesdebaires.com.ar\/index.php\/wp-json\/wp\/v2\/users\/1"}],"replies":[{"embeddable":true,"href":"https:\/\/vocesdebaires.com.ar\/index.php\/wp-json\/wp\/v2\/comments?post=2677"}],"version-history":[{"count":0,"href":"https:\/\/vocesdebaires.com.ar\/index.php\/wp-json\/wp\/v2\/posts\/2677\/revisions"}],"wp:featuredmedia":[{"embeddable":true,"href":"https:\/\/vocesdebaires.com.ar\/index.php\/wp-json\/wp\/v2\/media\/2678"}],"wp:attachment":[{"href":"https:\/\/vocesdebaires.com.ar\/index.php\/wp-json\/wp\/v2\/media?parent=2677"}],"wp:term":[{"taxonomy":"category","embeddable":true,"href":"https:\/\/vocesdebaires.com.ar\/index.php\/wp-json\/wp\/v2\/categories?post=2677"},{"taxonomy":"post_tag","embeddable":true,"href":"https:\/\/vocesdebaires.com.ar\/index.php\/wp-json\/wp\/v2\/tags?post=2677"}],"curies":[{"name":"wp","href":"https:\/\/api.w.org\/{rel}","templated":true}]}}