{"id":26866,"date":"2014-09-19T14:15:56","date_gmt":"2014-09-19T17:15:56","guid":{"rendered":"http:\/\/vocesdebaires.com.ar\/wordpress\/index.php\/2014\/09\/19\/legislatura-bandera-a-media-asta-por-muerte-de-china-zorrilla-2\/"},"modified":"2014-09-19T14:15:56","modified_gmt":"2014-09-19T17:15:56","slug":"legislatura-bandera-a-media-asta-por-muerte-de-china-zorrilla-2","status":"publish","type":"post","link":"https:\/\/vocesdebaires.com.ar\/index.php\/2014\/09\/19\/legislatura-bandera-a-media-asta-por-muerte-de-china-zorrilla-2\/","title":{"rendered":"Legislatura: bandera a media asta por muerte de China Zorrilla"},"content":{"rendered":"<p><span style=\"line-height: 1.3em;\">Ayer \u00a0jueves al iniciar la sesi\u00f3n, los legisladores encargados de izar la bandera fueron Mar\u00eda Rachid (FPV) y Enzo Pagani (PRO).<\/span><span style=\"line-height: 1.3em;\">A tono con el duelo por la muerte de la actriz China Zorrilla luego se coloc\u00f3 el estandarte a media asta, tal como hizo notar Pablo Bergel (Bien Com\u00fan). <\/span><span style=\"line-height: 1.3em;\">En el temario de la jornada se incluy\u00f3 una Declaraci\u00f3n de pesar.<\/span><\/p>\n","protected":false},"excerpt":{"rendered":"<p>Ayer \u00a0jueves al iniciar la sesi\u00f3n, los legisladores encargados de izar la bandera fueron Mar\u00eda Rachid (FPV) y Enzo Pagani (PRO).A tono con el duelo por la muerte de la actriz China Zorrilla luego se coloc\u00f3 el estandarte a media asta, tal como hizo notar Pablo Bergel (Bien Com\u00fan). En el temario de la jornada [&hellip;]<\/p>\n","protected":false},"author":2,"featured_media":24689,"comment_status":"open","ping_status":"open","sticky":false,"template":"","format":"standard","meta":{"_et_pb_use_builder":"","_et_pb_old_content":"","_et_gb_content_width":"","footnotes":""},"categories":[11,44],"tags":[],"class_list":["post-26866","post","type-post","status-publish","format-standard","has-post-thumbnail","hentry","category-ciudad","category-funcionarios-de-la-caba"],"_links":{"self":[{"href":"https:\/\/vocesdebaires.com.ar\/index.php\/wp-json\/wp\/v2\/posts\/26866"}],"collection":[{"href":"https:\/\/vocesdebaires.com.ar\/index.php\/wp-json\/wp\/v2\/posts"}],"about":[{"href":"https:\/\/vocesdebaires.com.ar\/index.php\/wp-json\/wp\/v2\/types\/post"}],"author":[{"embeddable":true,"href":"https:\/\/vocesdebaires.com.ar\/index.php\/wp-json\/wp\/v2\/users\/2"}],"replies":[{"embeddable":true,"href":"https:\/\/vocesdebaires.com.ar\/index.php\/wp-json\/wp\/v2\/comments?post=26866"}],"version-history":[{"count":0,"href":"https:\/\/vocesdebaires.com.ar\/index.php\/wp-json\/wp\/v2\/posts\/26866\/revisions"}],"wp:featuredmedia":[{"embeddable":true,"href":"https:\/\/vocesdebaires.com.ar\/index.php\/wp-json\/wp\/v2\/media\/24689"}],"wp:attachment":[{"href":"https:\/\/vocesdebaires.com.ar\/index.php\/wp-json\/wp\/v2\/media?parent=26866"}],"wp:term":[{"taxonomy":"category","embeddable":true,"href":"https:\/\/vocesdebaires.com.ar\/index.php\/wp-json\/wp\/v2\/categories?post=26866"},{"taxonomy":"post_tag","embeddable":true,"href":"https:\/\/vocesdebaires.com.ar\/index.php\/wp-json\/wp\/v2\/tags?post=26866"}],"curies":[{"name":"wp","href":"https:\/\/api.w.org\/{rel}","templated":true}]}}