{"id":26975,"date":"2014-10-23T20:50:53","date_gmt":"2014-10-23T23:50:53","guid":{"rendered":"http:\/\/vocesdebaires.com.ar\/wordpress\/index.php\/2014\/10\/23\/acuerdo-para-designacion-en-la-justicia-2\/"},"modified":"2014-10-23T20:50:53","modified_gmt":"2014-10-23T23:50:53","slug":"acuerdo-para-designacion-en-la-justicia-2","status":"publish","type":"post","link":"https:\/\/vocesdebaires.com.ar\/index.php\/2014\/10\/23\/acuerdo-para-designacion-en-la-justicia-2\/","title":{"rendered":"Acuerdo para designaci\u00f3n en la Justicia"},"content":{"rendered":"<p><span style=\"line-height: 1.3em;\">El Dr. Martin Miguel Converset DNI N\u00ba 25.940.458 fue designado para cubrir el cargo de Juez ante la Justicia de Primera Instancia en lo Contencioso, Administrativo y Tributario de la Ciudad Aut\u00f3noma de Buenos Aires. La Resoluci\u00f3n tuvo despacho de la Junta de \u00c9tica, Acuerdo y Organismos de Control y de la Comisi\u00f3n de Asesoramiento Permanente de Justicia que determinaron que \u00abno existen elementos objetivos que afecten la idoneidad y capacidad t\u00e9cnica del candidato propuesto por el Consejo de Magistratura de la Ciudad Aut\u00f3noma de Buenos Aires, para ocupar el cargo de Juez ante la Justicia de Primera Instancia en lo Contencioso, Administrativo y Tributario de la Ciudad Aut\u00f3noma de Buenos Aires\u00bb.<\/span><\/p>\n<p>Adem\u00e1s, el per\u00edodo de impugnaciones no recibi\u00f3 ninguna objeci\u00f3n al candidato y el 3 de octubre de 2014 se realiz\u00f3 la correspondiente Audiencia P\u00fablica para considerar su idoneidad. El diputado Jorge Garayalde, presidente de la Junta de \u00c9tica agradeci\u00f3 el amplio consenso de la iniciativa, que obtuvo 47 votos positivos y 3 abstenciones de los diputados Gustavo Vera (VA), Pablo Bergel (BC) y Marcelo Ramal (FIT).<\/p>\n<p>Cambian de nombre a un sal\u00f3n de la Legislatura<\/p>\n<p>El sal\u00f3n de la Legislatura que en 1931 fue llamado Intersecretar\u00edas pas\u00f3 a ser denominado \u00abDr. Ra\u00fal Ricardo Alfons\u00edn\u00bb a trav\u00e9s de una Resoluci\u00f3n de autor\u00eda de los diputados Raquel Herrero, Cristian Ritondo (PRO) y Hern\u00e1n Rossi (Suma+) que fue sancionada sobre tablas con texto consensuado, derogando tambi\u00e9n la Resoluci\u00f3n 382\/2011 que impuso el nombre \u00abSal\u00f3n de los Escudos &#8211; Intersecretar\u00edas\u00bb. La nueva nomenclatura se formalizar\u00e1 en un acto conmemorativo el 30 de octubre del corriente a\u00f1o, fecha de la restauraci\u00f3n de la democracia en nuestro pa\u00eds. \u00abEsta resoluci\u00f3n fue un pedido de los trabajadores de esta Legislatura\u00bb, sostuvo Herrero. Los diputados Pablo Bergel (BC) y Marcelo Ramal (FIT) se abstuvieron en la votaci\u00f3n.<\/p>\n","protected":false},"excerpt":{"rendered":"<p>El Dr. Martin Miguel Converset DNI N\u00ba 25.940.458 fue designado para cubrir el cargo de Juez ante la Justicia de Primera Instancia en lo Contencioso, Administrativo y Tributario de la Ciudad Aut\u00f3noma de Buenos Aires. La Resoluci\u00f3n tuvo despacho de la Junta de \u00c9tica, Acuerdo y Organismos de Control y de la Comisi\u00f3n de Asesoramiento [&hellip;]<\/p>\n","protected":false},"author":2,"featured_media":24917,"comment_status":"open","ping_status":"open","sticky":false,"template":"","format":"standard","meta":{"_et_pb_use_builder":"","_et_pb_old_content":"","_et_gb_content_width":"","footnotes":""},"categories":[11,44],"tags":[],"class_list":["post-26975","post","type-post","status-publish","format-standard","has-post-thumbnail","hentry","category-ciudad","category-funcionarios-de-la-caba"],"_links":{"self":[{"href":"https:\/\/vocesdebaires.com.ar\/index.php\/wp-json\/wp\/v2\/posts\/26975"}],"collection":[{"href":"https:\/\/vocesdebaires.com.ar\/index.php\/wp-json\/wp\/v2\/posts"}],"about":[{"href":"https:\/\/vocesdebaires.com.ar\/index.php\/wp-json\/wp\/v2\/types\/post"}],"author":[{"embeddable":true,"href":"https:\/\/vocesdebaires.com.ar\/index.php\/wp-json\/wp\/v2\/users\/2"}],"replies":[{"embeddable":true,"href":"https:\/\/vocesdebaires.com.ar\/index.php\/wp-json\/wp\/v2\/comments?post=26975"}],"version-history":[{"count":0,"href":"https:\/\/vocesdebaires.com.ar\/index.php\/wp-json\/wp\/v2\/posts\/26975\/revisions"}],"wp:featuredmedia":[{"embeddable":true,"href":"https:\/\/vocesdebaires.com.ar\/index.php\/wp-json\/wp\/v2\/media\/24917"}],"wp:attachment":[{"href":"https:\/\/vocesdebaires.com.ar\/index.php\/wp-json\/wp\/v2\/media?parent=26975"}],"wp:term":[{"taxonomy":"category","embeddable":true,"href":"https:\/\/vocesdebaires.com.ar\/index.php\/wp-json\/wp\/v2\/categories?post=26975"},{"taxonomy":"post_tag","embeddable":true,"href":"https:\/\/vocesdebaires.com.ar\/index.php\/wp-json\/wp\/v2\/tags?post=26975"}],"curies":[{"name":"wp","href":"https:\/\/api.w.org\/{rel}","templated":true}]}}