{"id":2710,"date":"2020-10-28T03:00:00","date_gmt":"2020-10-28T06:00:00","guid":{"rendered":"http:\/\/vocesdebaires.com.ar\/wordpress\/index.php\/2020\/10\/28\/como-sera-la-temporada-turistica-de-verano\/"},"modified":"2020-10-28T03:00:00","modified_gmt":"2020-10-28T06:00:00","slug":"como-sera-la-temporada-turistica-de-verano","status":"publish","type":"post","link":"https:\/\/vocesdebaires.com.ar\/index.php\/2020\/10\/28\/como-sera-la-temporada-turistica-de-verano\/","title":{"rendered":"C\u00f3mo ser\u00e1 la temporada tur\u00edstica de verano"},"content":{"rendered":"<p><strong>Escrita Por Florencia Galarza <\/strong><\/p>\n<p><strong> <\/strong><strong>Est\u00e1 confirmada la temporada tur\u00edstica de verano<\/strong> en la Provincia de Buenos Aires. Se podr\u00e1 ir a la costa o alquilar casas quintas para pasar un fin de semana. Sin embargo, habr\u00e1 muchas cosas que no estar\u00e1n habilitadas o que requerir\u00e1n de protocolos espec\u00edficos y que habr\u00e1 que tener en cuenta a la hora de planear unas vacaciones durante este verano.<\/p>\n<p>La semana pasada, el gobernador bonaerense, Axel Kicillof, realiz\u00f3 una conferencia de prensa para anunciar los protocolos y pautas que regir\u00e1n para las vacaciones de verano 2020-2021 en los circuitos tur\u00edsticos de su territorio.<\/p>\n<p>El Gobernador explic\u00f3 que tras un \u201cgran trabajo de coordinaci\u00f3n\u201d con los intendentes, funcionarios provinciales, nacionales y representantes de los equipos de salud, se consensuaron protocolos para el uso de las instalaciones, espacios gastron\u00f3micos, hoteles y hospedajes de los circuitos tur\u00edsticos.<\/p>\n<p>De esta manera, <strong>la temporada quedar\u00e1 habilitada este 1\u00b0 de noviembre para propietarios de casas y departamentos de verano<\/strong>. Ser\u00e1 el tiempo para que los due\u00f1os acondicionen estos espacios seg\u00fan los nuevos protocolos de higiene para que <strong>los turistas que quieran alquilarlos puedan hacerlo de forma segura, a partir del 1\u00b0 de diciembre.<\/strong> <\/p>\n<p><strong>Temporada extra-large<\/strong><\/p>\n<p>La<strong> temporada de verano general quedar\u00e1 inaugurada desde 1\u00b0 de enero y se extender\u00e1 hasta el 4 de abril<\/strong> por dos razones prioritarias: recuperar el tiempo de paralizaci\u00f3n comercial del sector tur\u00edstico que perdura desde el mes de marzo, y para asegurar el distanciamiento social evitando aglomeraciones.<\/p>\n<p>Para evitar que muchas personas se vayan de vacaciones al mismo tiempo y al mismo lugar (como sol\u00eda suceder cada enero en algunas zonas costeras), <strong>se lanzar\u00e1 la app \u201cCuidar Verano\u201d, que ser\u00e1 muy similar a la ya existente aplicaci\u00f3n \u201cCuidar\u201d. Desde all\u00ed se solicitar\u00e1 el permiso pertinente para viajar al destino tur\u00edstico elegido,<\/strong> y \u00e9ste ser\u00e1 validado o rechazado seg\u00fan la cantidad de turistas que se encuentre albergando, ya que habr\u00e1 un cupo limitado en cada distrito.<\/p>\n<p>Por su parte, el ministro bonaerense de Producci\u00f3n, Ciencia e Innovaci\u00f3n Tecnol\u00f3gica, Augusto Costa, dio a conocer que <strong>en la provincia de Buenos Aires \u201cva a ser obligatorio el uso de la aplicaci\u00f3n<\/strong>, donde los turistas van a tener que establecer el per\u00edodo de tiempo, lugar de alojamiento y con qui\u00e9nes viajan, para poder determinar el flujo de turistas en cada destino, lo que nos va a servir para ver los eventuales riesgos sanitarios y el seguimiento en el caso de que haya contagios\u201d.<\/p>\n<p><strong>Turistas extranjeros<\/strong><\/p>\n<p>Este lunes el Gobierno anunci\u00f3 que <strong>desde las 00 hs del viernes 30 de octubre se permitir\u00e1 el ingreso de turistas a la Argentina desde pa\u00edses lim\u00edtrofes<\/strong>: Paraguay, Uruguay, Brasil, Chile y Bolivia. En las redes sociales se plasm\u00f3 reticencia y enojo como respuesta a esta noticia dado a que la mayor\u00eda del pa\u00eds contin\u00faa con una cuarentena, aunque flexibilizada, por el ingreso de personas que estar\u00e1n movi\u00e9ndose entre las ciudades.<\/p>\n<p>Sin embargo, el Estado requiere de ingreso de divisas y generaci\u00f3n de empleo, por lo que necesita tomar este riesgo en pos de cuidar la econom\u00eda y el sistema comercial interno. <strong>Las y los inmigrantes deber\u00e1n cumplir con tres requisitos indispensables para que su acceso al pa\u00eds sea validado:<\/strong> deber\u00e1n cumplir con una declaraci\u00f3n jurada electr\u00f3nica (que tendr\u00e1 que ser completada indefectiblemente dentro de las 48 horas previas al embarque), un test PCR con resultado negativo y un seguro m\u00e9dico COVID.<\/p>\n<p>El Gobierno no pretende retomar pasados errores en la falta de control en los accesos internacionales a la Argentina. En el caso de que no cumplan con alguno de estos \u00edtems, se les impedir\u00e1 el ingreso al pa\u00eds, y para una mejor regulaci\u00f3n del flujo inmigratorio <strong>solo se permitir\u00e1n dos v\u00edas de ingreso: el Aeropuerto Internacional de Ezeiza y la terminal mar\u00edtima de Buqueb\u00fas.<\/strong><\/p>\n<p>En caso de que la persona que ingresara al pa\u00eds desde alguna naci\u00f3n vecina fuera argentina podr\u00e1n optar por la realizaci\u00f3n de un test PCR o la cuarentena obligatoria de 14 d\u00edas.<\/p>\n<p>Cabe mencionar que en todos los casos, se deber\u00e1n cumplir tambi\u00e9n con los requisitos b\u00e1sicos de cada transporte y cada sector: tomarse la temperatura corporal en m\u00e1s de una oportunidad, la utilizaci\u00f3n de barbijos, mantener el distanciamiento social, y lo que sea requerido por cada empresa.<\/p>\n<p><strong>Covid positivo en vacaciones<\/strong><\/p>\n<p>El viceministro de Salud de la Provincia de Buenos Aires, Nicol\u00e1s Kreplak, fue contundente con la posibilidad de contraer coronavirus durante las vacaciones: \u00ab<strong>La gente que d\u00e9 positivo y est\u00e9 en condiciones, debe volver a su casa\u00bb,<\/strong> donde deber\u00e1 realizar el aislamiento correspondiente.<\/p>\n<p>El funcionario bonaerense remarc\u00f3 que desde el Ejecutivo \u201cintentar\u00e1n no internar en los lugares tur\u00edsticos\u00bb, ante la discusi\u00f3n en algunos destinos tur\u00edsticos de emplear espacios dedicados a aquellos turistas que contrajeran la enfermedad y requirieran aislamiento urgente.<\/p>\n<p>Esto \u00faltimo genera una doble discusi\u00f3n: el gasto estatal y municipal que significar\u00eda, la falta de personal m\u00e9dico para llevarlo a cabo y, por otro lado, no hacerlo significa que el infectado deber\u00e1 recorrer kil\u00f3metros para volver a su casa, probablemente junto con las personas con las que pudiera haber viajado, tal vez en el mismo auto. Por otro lado, abre un enigma: si la persona contagiada en el destino utiliz\u00f3 un avi\u00f3n o micro para llegar, tendr\u00eda usarlo para volver, pero por protocolo eso no estar\u00eda permitido.<\/p>\n<p>En consonancia, <strong>este martes Aerol\u00edneas Argentinas anunci\u00f3 que denunciar\u00e1 en la justicia penal a los pasajeros que se presenten para volar con s\u00edntomas de Covid-19<\/strong> por poner en riesgo no solo al personal que all\u00ed trabaje sino tambi\u00e9n al resto de los pasajeros.<\/p>\n<p>La empresa fue clara: aquellos pasajeros que lleguen para tomarse el vuelo con certificado de Covid-19 positivo, documentaci\u00f3n adulterada o intenten evadir los controles sanitarios \u201cser\u00e1n denunciados penalmente e ingresar\u00e1n en la lista de pasajeros disruptivos, prohibiendo as\u00ed su ingreso a cualquiera de sus vuelos durante los pr\u00f3ximos 5 a\u00f1os\u201d.<\/p>\n<p>Asimismo, \u00bftendr\u00eda este turista infectado y su posible grupo la posibilidad de realizar un aislamiento de 14 d\u00edas en el destino tur\u00edstico por sus propios medios? Al respecto, el intendente del Partido de la Costa, Cristian Cardozo, asegur\u00f3: \u00abVamos a tener hospitales modulares para asistencia respiratoria en cada regi\u00f3n de la Costa Atl\u00e1ntica.<\/p>\n<p><strong>El Operativo Sol no va a ser s\u00f3lo de seguridad sino tambi\u00e9n sanitario.<\/strong> Y vamos a disponer de lugares, que en muchos destinos ser\u00e1n hoteles, para que los contagiados se queden all\u00ed unos d\u00edas hasta que pueda darse el traslado a sus casas, a trav\u00e9s de combi, ambulancia o lo que el distrito disponga (si no pueden usar sus veh\u00edculos)\u00bb.<\/p>\n<p>Sin embargo, el ministro Lammens aclar\u00f3 que \u201cno va a haber ning\u00fan tipo de restricci\u00f3n a la libertad de tr\u00e1fico de autos\u201d, por lo que ser\u00e1 prioridad este verano en caso de contar con veh\u00edculo. La situaci\u00f3n es compleja y por eso Kreplak hizo hincapi\u00e9 en la necesidad de protocolos sanitarios estrictos: \u00abNo podemos incluso permitir el uso del aire acondicionado en espacios comunes\u00bb.<\/p>\n<p>Por \u00faltimo, se\u00f1al\u00f3 que ya est\u00e1n \u201cpreparando la log\u00edstica para la vacunaci\u00f3n masiva\u201d y que ya se encuentra en marcha la capacitaci\u00f3n de \u201cvacunadores para la aplicaci\u00f3n masiva en cuanto est\u00e9\u00bb. C\u00f3mo es de imaginarse, <strong>este verano no habr\u00e1 espacios cerrados con aglomeraci\u00f3n de gente, lo cual complica las actividades nocturnas.<\/strong><\/p>\n<p>Al respecto, el ministro Lammens aclar\u00f3: \u201cEstamos trabajando de manera conjunta con vistas a la temporada y ofrecer alternativas al aire libre, otro tipo de diversi\u00f3n a lo que son habitualmente, por ejemplo, los boliches bailables y sitios similares\u201d. De momento los campings no est\u00e1n habilitados tampoco, dado a que \u00e9stos no tienen ba\u00f1o privado. Aun se piensan en protocolos espec\u00edficos para ese rubro.<\/p>\n<p><strong>Seguro contra Covid<\/strong><br \/><strong> <\/strong><\/p>\n<p><strong>Las personas que decidan viajar, deben tener en cuenta que deber\u00e1n contar con una cobertura contra el Covid,<\/strong> que tendr\u00e1 por objetivo, en gran parte, evitarle a los municipios los costos de atenci\u00f3n m\u00e9dica: un an\u00e1lisis de PCR y el hisopado nasal cuestan entre 4.000 y 6.000 pesos en un laboratorio privado y entre 1.000 y 2.000 en las obras sociales.<\/p>\n<p><strong>Los precios de los seguros contra Covid-19 para turistas oscilan entre 12.000 y 20.000 pesos<\/strong> para un grupo familiar de tres a cinco personas para un viaje por Argentina de 15 d\u00edas, y trepan hasta los 30 d\u00f3lares diarios si el destino es en el exterior. Por esto, varias administraciones provinciales y compa\u00f1\u00edas de asistencia al viajero dise\u00f1an productos que incluyen cuarentenas pagas en hoteles, regresos anticipados y devoluci\u00f3n de dinero por cancelaciones.<\/p>\n<p>Cada provincia y destino tur\u00edstico decidir\u00e1 qu\u00e9 protocolos espec\u00edficos deber\u00e1n cumplir sus visitantes, y este seguro podr\u00eda ser uno de ellos, ya que a\u00fan falta definiciones espec\u00edficas de cada distrito respecto a esto.<\/p>\n<p>Los nuevos productos nacionales incluyen asistencia m\u00e9dica en viaje por Covid-19, mayores montos de cobertura y un servicio de Teleasistencia M\u00e9dica que permite acceder a asesoramiento m\u00e9dico mediante una videollamada con profesionales de la salud desde cualquier parte del pa\u00eds.<\/p>\n<p><strong>Protocolos en la playa<\/strong><\/p>\n<p>Los balnearios determinaron una capacidad m\u00e1xima para carpas (cuatro personas, extensible a seis si el grupo es conviviente) y sombrillas (cuatro).  Se estableci\u00f3 que las piletas estar\u00e1n habilitadas, mientras que duchas y vestuarios no.<\/p>\n<p>El tapabocas no ser\u00e1 obligatorio en la playa; s\u00f3lo lo ser\u00e1 en lugares comunes al momento de la circulaci\u00f3n. Se encuentra en debate el sistema de banderas de colores en los accesos a las playas para indicar la cantidad de gente que hay y evitar aglomeraciones.<\/p>\n<p>En cuanto a la peatonal, para evitar que todos los turistas se centralicen en un par de cuadras, se analiza una \u00abpeatonalizaci\u00f3n\u00bb de las calles transversales a las peatonales. Los locales podr\u00e1n instalar decks donde estacionan los autos, y la pasada semana se determin\u00f3 que se permitir\u00e1n los teatros bajo estrictos protocolos no solo de aislamiento entre butacas sino tambi\u00e9n de ventilaci\u00f3n del espacio, entre otras.<\/p>\n<p>En cuanto a los hoteles, no va a haber servicios en espacios comunes, con excepci\u00f3n a las piletas y con cuidado de la cantidad de gente que all\u00ed se acumule. Se van a extinguir los \u201cdesayunos bufet\u201d, se incentivar\u00e1 la gastronom\u00eda en la habitaci\u00f3n o en espacios al d\u00eda libre. Este verano ser\u00e1 in\u00e9dito, y m\u00e1s all\u00e1 de los protocolos que cada empresa y gobierno establezcan, la responsabilidad individual ser\u00e1 crucial. A viajar, pero siempre seguros.<\/p>\n<p><strong>Escrita Por Florencia Galarza <\/strong><\/p>\n","protected":false},"excerpt":{"rendered":"<p>Escrita Por Florencia Galarza Est\u00e1 confirmada la temporada tur\u00edstica de verano en la Provincia de Buenos Aires. Se podr\u00e1 ir a la costa o alquilar casas quintas para pasar un fin de semana. Sin embargo, habr\u00e1 muchas cosas que no estar\u00e1n habilitadas o que requerir\u00e1n de protocolos espec\u00edficos y que habr\u00e1 que tener en cuenta [&hellip;]<\/p>\n","protected":false},"author":1,"featured_media":2711,"comment_status":"open","ping_status":"open","sticky":false,"template":"","format":"standard","meta":{"_et_pb_use_builder":"","_et_pb_old_content":"","_et_gb_content_width":"","footnotes":""},"categories":[11,33],"tags":[],"class_list":["post-2710","post","type-post","status-publish","format-standard","has-post-thumbnail","hentry","category-ciudad","category-sociedad-y-cultura-2"],"_links":{"self":[{"href":"https:\/\/vocesdebaires.com.ar\/index.php\/wp-json\/wp\/v2\/posts\/2710"}],"collection":[{"href":"https:\/\/vocesdebaires.com.ar\/index.php\/wp-json\/wp\/v2\/posts"}],"about":[{"href":"https:\/\/vocesdebaires.com.ar\/index.php\/wp-json\/wp\/v2\/types\/post"}],"author":[{"embeddable":true,"href":"https:\/\/vocesdebaires.com.ar\/index.php\/wp-json\/wp\/v2\/users\/1"}],"replies":[{"embeddable":true,"href":"https:\/\/vocesdebaires.com.ar\/index.php\/wp-json\/wp\/v2\/comments?post=2710"}],"version-history":[{"count":0,"href":"https:\/\/vocesdebaires.com.ar\/index.php\/wp-json\/wp\/v2\/posts\/2710\/revisions"}],"wp:featuredmedia":[{"embeddable":true,"href":"https:\/\/vocesdebaires.com.ar\/index.php\/wp-json\/wp\/v2\/media\/2711"}],"wp:attachment":[{"href":"https:\/\/vocesdebaires.com.ar\/index.php\/wp-json\/wp\/v2\/media?parent=2710"}],"wp:term":[{"taxonomy":"category","embeddable":true,"href":"https:\/\/vocesdebaires.com.ar\/index.php\/wp-json\/wp\/v2\/categories?post=2710"},{"taxonomy":"post_tag","embeddable":true,"href":"https:\/\/vocesdebaires.com.ar\/index.php\/wp-json\/wp\/v2\/tags?post=2710"}],"curies":[{"name":"wp","href":"https:\/\/api.w.org\/{rel}","templated":true}]}}