{"id":2712,"date":"2020-10-28T03:00:00","date_gmt":"2020-10-28T06:00:00","guid":{"rendered":"http:\/\/vocesdebaires.com.ar\/wordpress\/index.php\/2020\/10\/28\/ciudad-museos-vuelven-a-abrir-sus-puertas\/"},"modified":"2020-10-28T03:00:00","modified_gmt":"2020-10-28T06:00:00","slug":"ciudad-museos-vuelven-a-abrir-sus-puertas","status":"publish","type":"post","link":"https:\/\/vocesdebaires.com.ar\/index.php\/2020\/10\/28\/ciudad-museos-vuelven-a-abrir-sus-puertas\/","title":{"rendered":"Ciudad museos vuelven a abrir sus puertas"},"content":{"rendered":"<p>El Jefe de Gabinete supervis\u00f3\u00a0 las nuevas normas de seguridad ante el covid-19 que deber\u00e1n respetarse en todos los museos. Adem\u00e1s, visit\u00f3 la muestra de Nicanor Ar\u00e1oz, una exposici\u00f3n que se inaugura el pr\u00f3ximo viernes. Los museos de la Ciudad podr\u00e1n ser visitados por el p\u00fablico a partir de esta semana.<\/p>\n<p>Abrir\u00e1n de manera escalonada y con turnos previos. Por su parte, tambi\u00e9n particip\u00f3 el ministro de Cultura Enrique Avogadro y los acompa\u00f1\u00f3 la Directora del Museo de Arte Moderno, Victoria Noorthoorn. Las visitas ser\u00e1n de lunes a domingos, entre las 10 y las 20 horas, solamente con reserva previa por v\u00eda digital en la p\u00e1gina web de cada museo.<\/p>\n<p><strong>Medidas de prevenci\u00f3n:<\/strong><\/p>\n<p>Circuitos de recorrido en sentido \u00fanico para impedir acercamientos imprevistos.<\/p>\n<p>Todas las puertas interiores deber\u00e1n estar abiertas para evitar el contacto constante de los visitantes.<\/p>\n<p>Factor ocupacional: 1 persona cada 15 m2.<\/p>\n<p>En cada sala de exposici\u00f3n los visitantes encontrar\u00e1n un cartel que indica su capacidad m\u00e1xima o aforo.<\/p>\n<p>Las visitas podr\u00e1n ser individuales o grupales (grupo de convivientes que no superen las 4 personas y que deber\u00e1n mantenerse juntos).<\/p>\n<p><strong>No se permitir\u00e1 tocar las obras.<\/strong><\/p>\n<p>Las tarjetas, textos y cat\u00e1logos ser\u00e1n reemplazados por sus versiones digitales. Dispositivos como audiogu\u00edas, tablets o pantallas se desinfectar\u00e1n de forma constante y sistem\u00e1tica. S\u00f3lo est\u00e1 permitida la visita contemplativa, no pueden realizarse celebraciones o actividades educativas. Se permite el servicio gastron\u00f3mico de locales que se encuentren en terrazas o patios internos al libre, que deben adecuar su funcionamiento a lo establecido en los protocolos aprobados para el desarrollo de su actividad. Se ventilar\u00e1n todos los ambientes. Las salas y los lugares de circulaci\u00f3n del p\u00fablico as\u00ed como los espacios de trabajo del personal se mantendr\u00e1n en condiciones adecuadas de limpieza y desinfecci\u00f3n.<\/p>\n<p>En cuanto a los museos dependientes del Ministerio de Cultura de la Ciudad, su reapertura ser\u00e1 de forma escalonada. Hoy\u00a0 mi\u00e9rcoles 28 de octubre abrir\u00e1n sus puertas el Museo de Arte Moderno , que contar\u00e1 con una nueva muestra: Sue\u00f1o Cumplido del artista Nicanor Ar\u00e1oz. Tambi\u00e9n el Museo Hispanoamericano Isaac Fern\u00e1ndez Blanco (sede Palacio Noel) , donde podr\u00e1 visitarse la exhibici\u00f3n de esculturas en el jard\u00edn, de Vivianne Duchini, y por \u00faltimo el Museo de Arte Espa\u00f1ol, Enrique Larreta , con su tradicional jard\u00edn estilo andaluz.<\/p>\n","protected":false},"excerpt":{"rendered":"<p>El Jefe de Gabinete supervis\u00f3\u00a0 las nuevas normas de seguridad ante el covid-19 que deber\u00e1n respetarse en todos los museos. Adem\u00e1s, visit\u00f3 la muestra de Nicanor Ar\u00e1oz, una exposici\u00f3n que se inaugura el pr\u00f3ximo viernes. Los museos de la Ciudad podr\u00e1n ser visitados por el p\u00fablico a partir de esta semana. Abrir\u00e1n de manera escalonada [&hellip;]<\/p>\n","protected":false},"author":1,"featured_media":2713,"comment_status":"open","ping_status":"open","sticky":false,"template":"","format":"standard","meta":{"_et_pb_use_builder":"","_et_pb_old_content":"","_et_gb_content_width":"","footnotes":""},"categories":[11,33],"tags":[],"class_list":["post-2712","post","type-post","status-publish","format-standard","has-post-thumbnail","hentry","category-ciudad","category-sociedad-y-cultura-2"],"_links":{"self":[{"href":"https:\/\/vocesdebaires.com.ar\/index.php\/wp-json\/wp\/v2\/posts\/2712"}],"collection":[{"href":"https:\/\/vocesdebaires.com.ar\/index.php\/wp-json\/wp\/v2\/posts"}],"about":[{"href":"https:\/\/vocesdebaires.com.ar\/index.php\/wp-json\/wp\/v2\/types\/post"}],"author":[{"embeddable":true,"href":"https:\/\/vocesdebaires.com.ar\/index.php\/wp-json\/wp\/v2\/users\/1"}],"replies":[{"embeddable":true,"href":"https:\/\/vocesdebaires.com.ar\/index.php\/wp-json\/wp\/v2\/comments?post=2712"}],"version-history":[{"count":0,"href":"https:\/\/vocesdebaires.com.ar\/index.php\/wp-json\/wp\/v2\/posts\/2712\/revisions"}],"wp:featuredmedia":[{"embeddable":true,"href":"https:\/\/vocesdebaires.com.ar\/index.php\/wp-json\/wp\/v2\/media\/2713"}],"wp:attachment":[{"href":"https:\/\/vocesdebaires.com.ar\/index.php\/wp-json\/wp\/v2\/media?parent=2712"}],"wp:term":[{"taxonomy":"category","embeddable":true,"href":"https:\/\/vocesdebaires.com.ar\/index.php\/wp-json\/wp\/v2\/categories?post=2712"},{"taxonomy":"post_tag","embeddable":true,"href":"https:\/\/vocesdebaires.com.ar\/index.php\/wp-json\/wp\/v2\/tags?post=2712"}],"curies":[{"name":"wp","href":"https:\/\/api.w.org\/{rel}","templated":true}]}}