{"id":2720,"date":"2020-10-27T03:45:51","date_gmt":"2020-10-27T06:45:51","guid":{"rendered":"http:\/\/vocesdebaires.com.ar\/wordpress\/index.php\/2020\/10\/27\/legislatura-comision-de-cambio-climatico\/"},"modified":"2020-10-27T03:45:51","modified_gmt":"2020-10-27T06:45:51","slug":"legislatura-comision-de-cambio-climatico","status":"publish","type":"post","link":"https:\/\/vocesdebaires.com.ar\/index.php\/2020\/10\/27\/legislatura-comision-de-cambio-climatico\/","title":{"rendered":"Legislatura: Comisi\u00f3n de Cambio Clim\u00e1tico"},"content":{"rendered":"<p>Deliber\u00f3 ayer lunes la Comisi\u00f3n Especial del Cambio Clim\u00e1tico, que preside la legisladora Carolina Estebarena (VJ), y analiz\u00f3 el resultado de conferencias realizadas con expertos y ecologistas y posibles nuevos encuentros o seminarios a realizar antes de fin de a\u00f1o.  Participaron los legisladores Roy Cortina (PS), Mat\u00edas Barroetave\u00f1a (FdT), Manuela Thourte (UCR) y Mercedes De las Casas (VJ).<\/p>\n","protected":false},"excerpt":{"rendered":"<p>Deliber\u00f3 ayer lunes la Comisi\u00f3n Especial del Cambio Clim\u00e1tico, que preside la legisladora Carolina Estebarena (VJ), y analiz\u00f3 el resultado de conferencias realizadas con expertos y ecologistas y posibles nuevos encuentros o seminarios a realizar antes de fin de a\u00f1o. Participaron los legisladores Roy Cortina (PS), Mat\u00edas Barroetave\u00f1a (FdT), Manuela Thourte (UCR) y Mercedes De [&hellip;]<\/p>\n","protected":false},"author":1,"featured_media":2721,"comment_status":"open","ping_status":"open","sticky":false,"template":"","format":"standard","meta":{"_et_pb_use_builder":"","_et_pb_old_content":"","_et_gb_content_width":"","footnotes":""},"categories":[11,33],"tags":[],"class_list":["post-2720","post","type-post","status-publish","format-standard","has-post-thumbnail","hentry","category-ciudad","category-sociedad-y-cultura-2"],"_links":{"self":[{"href":"https:\/\/vocesdebaires.com.ar\/index.php\/wp-json\/wp\/v2\/posts\/2720"}],"collection":[{"href":"https:\/\/vocesdebaires.com.ar\/index.php\/wp-json\/wp\/v2\/posts"}],"about":[{"href":"https:\/\/vocesdebaires.com.ar\/index.php\/wp-json\/wp\/v2\/types\/post"}],"author":[{"embeddable":true,"href":"https:\/\/vocesdebaires.com.ar\/index.php\/wp-json\/wp\/v2\/users\/1"}],"replies":[{"embeddable":true,"href":"https:\/\/vocesdebaires.com.ar\/index.php\/wp-json\/wp\/v2\/comments?post=2720"}],"version-history":[{"count":0,"href":"https:\/\/vocesdebaires.com.ar\/index.php\/wp-json\/wp\/v2\/posts\/2720\/revisions"}],"wp:featuredmedia":[{"embeddable":true,"href":"https:\/\/vocesdebaires.com.ar\/index.php\/wp-json\/wp\/v2\/media\/2721"}],"wp:attachment":[{"href":"https:\/\/vocesdebaires.com.ar\/index.php\/wp-json\/wp\/v2\/media?parent=2720"}],"wp:term":[{"taxonomy":"category","embeddable":true,"href":"https:\/\/vocesdebaires.com.ar\/index.php\/wp-json\/wp\/v2\/categories?post=2720"},{"taxonomy":"post_tag","embeddable":true,"href":"https:\/\/vocesdebaires.com.ar\/index.php\/wp-json\/wp\/v2\/tags?post=2720"}],"curies":[{"name":"wp","href":"https:\/\/api.w.org\/{rel}","templated":true}]}}