{"id":2724,"date":"2020-10-27T03:21:55","date_gmt":"2020-10-27T06:21:55","guid":{"rendered":"http:\/\/vocesdebaires.com.ar\/wordpress\/index.php\/2020\/10\/27\/informe-de-sindicatura-ante-legisladores\/"},"modified":"2020-10-27T03:21:55","modified_gmt":"2020-10-27T06:21:55","slug":"informe-de-sindicatura-ante-legisladores","status":"publish","type":"post","link":"https:\/\/vocesdebaires.com.ar\/index.php\/2020\/10\/27\/informe-de-sindicatura-ante-legisladores\/","title":{"rendered":"Informe de Sindicatura ante legisladores"},"content":{"rendered":"<p>La s\u00edndica general de la Sindicatura General de la Ciudad Aut\u00f3noma de Buenos Aires, M\u00f3nica Freda, expuso ayer\u00a0 lunes ante la Comisi\u00f3n de Seguimiento de los Organismos de Control de la Legislatura, que preside Cecilia Segura (del Frente de Todos). Freda explic\u00f3 el funcionamiento de ese organismo que tiene a su cargo el control interno, presupuestario, contable, financiero, econ\u00f3mico, patrimonial, legal y de gesti\u00f3n del gobierno de la CABA y detall\u00f3 su adecuaci\u00f3n laboral en tiempos de pandemia.Anteriormente hab\u00edan expuesto en otras reuniones el Defensor del Pueblo y el responsable del Ente Regulador de Servicios P\u00fablicos.Participaron tambi\u00e9n los\u00a0 legisladores de la Ciudad Paola Michielotto, Cristina Garc\u00eda, Mar\u00eda L. Gonz\u00e1lez Estevarena, Daniel Cingolani, Facundo Del Gaiso (VJ) y Luc\u00eda C\u00e1mpora (FdT).<\/p>\n","protected":false},"excerpt":{"rendered":"<p>La s\u00edndica general de la Sindicatura General de la Ciudad Aut\u00f3noma de Buenos Aires, M\u00f3nica Freda, expuso ayer\u00a0 lunes ante la Comisi\u00f3n de Seguimiento de los Organismos de Control de la Legislatura, que preside Cecilia Segura (del Frente de Todos). Freda explic\u00f3 el funcionamiento de ese organismo que tiene a su cargo el control interno, [&hellip;]<\/p>\n","protected":false},"author":1,"featured_media":2725,"comment_status":"open","ping_status":"open","sticky":false,"template":"","format":"standard","meta":{"_et_pb_use_builder":"","_et_pb_old_content":"","_et_gb_content_width":"","footnotes":""},"categories":[11,33],"tags":[],"class_list":["post-2724","post","type-post","status-publish","format-standard","has-post-thumbnail","hentry","category-ciudad","category-sociedad-y-cultura-2"],"_links":{"self":[{"href":"https:\/\/vocesdebaires.com.ar\/index.php\/wp-json\/wp\/v2\/posts\/2724"}],"collection":[{"href":"https:\/\/vocesdebaires.com.ar\/index.php\/wp-json\/wp\/v2\/posts"}],"about":[{"href":"https:\/\/vocesdebaires.com.ar\/index.php\/wp-json\/wp\/v2\/types\/post"}],"author":[{"embeddable":true,"href":"https:\/\/vocesdebaires.com.ar\/index.php\/wp-json\/wp\/v2\/users\/1"}],"replies":[{"embeddable":true,"href":"https:\/\/vocesdebaires.com.ar\/index.php\/wp-json\/wp\/v2\/comments?post=2724"}],"version-history":[{"count":0,"href":"https:\/\/vocesdebaires.com.ar\/index.php\/wp-json\/wp\/v2\/posts\/2724\/revisions"}],"wp:featuredmedia":[{"embeddable":true,"href":"https:\/\/vocesdebaires.com.ar\/index.php\/wp-json\/wp\/v2\/media\/2725"}],"wp:attachment":[{"href":"https:\/\/vocesdebaires.com.ar\/index.php\/wp-json\/wp\/v2\/media?parent=2724"}],"wp:term":[{"taxonomy":"category","embeddable":true,"href":"https:\/\/vocesdebaires.com.ar\/index.php\/wp-json\/wp\/v2\/categories?post=2724"},{"taxonomy":"post_tag","embeddable":true,"href":"https:\/\/vocesdebaires.com.ar\/index.php\/wp-json\/wp\/v2\/tags?post=2724"}],"curies":[{"name":"wp","href":"https:\/\/api.w.org\/{rel}","templated":true}]}}