{"id":2734,"date":"2020-10-26T03:00:00","date_gmt":"2020-10-26T06:00:00","guid":{"rendered":"http:\/\/vocesdebaires.com.ar\/wordpress\/index.php\/2020\/10\/26\/ciudad-instituyen-el-dia-de-la-tartamudez\/"},"modified":"2020-10-26T03:00:00","modified_gmt":"2020-10-26T06:00:00","slug":"ciudad-instituyen-el-dia-de-la-tartamudez","status":"publish","type":"post","link":"https:\/\/vocesdebaires.com.ar\/index.php\/2020\/10\/26\/ciudad-instituyen-el-dia-de-la-tartamudez\/","title":{"rendered":"Ciudad: Instituyen el d\u00eda de la tartamudez"},"content":{"rendered":"<p>La Legislatura de la Ciudad de Buenos Aires instituy\u00f3 el pasado 22 de octubre como \u201cD\u00eda de la toma de conciencia de la tartamudez\u201d, con el objeto de reducir los estereotipos negativos y la discriminaci\u00f3n y fomentar la integraci\u00f3n social de las personas tartamudas. El proyecto fue impulsado por Juan Vald\u00e9s (Frente de Todos) y votado en la \u00faltima sesi\u00f3n ordinaria de ayer jueves por el pleno de los legisladores. La ley insta al Poder Ejecutivo de la CABA, \u201ca trav\u00e9s de los organismos correspondientes, y con participaci\u00f3n de las organizaciones no gubernamentales y asociaciones\u201d a realizar \u201cacciones de difusi\u00f3n y concientizaci\u00f3n acerca de la tartamudez\u201d.<\/p>\n<p>Tambi\u00e9n el pasado jueves se aprob\u00f3 conmemorar en el \u00e1mbito metropolitano el D\u00eda Mundial de la Lucha contra el Accidente Cerebro Vascular (ACV), el 29 de octubre de este a\u00f1o. El ACV es tan frecuente en la Argentina que ocurre un caso cada 4 minuto, con sus secuelas de trastornos en el habla, debilidad en un brazo, asimetr\u00eda facial, dolor de cabeza, p\u00e9rdida de la visi\u00f3n de un ojo y dificultad para caminar. Es considerada la tercera causa de muerte del pa\u00eds y del mundo, seg\u00fan estad\u00edsticas mencionadas en el proyecto de Mar\u00eda Luisa Gonz\u00e1lez Estevarena (VJ). Seg\u00fan la Fundaci\u00f3n Favaloro, el 80% de los casos de ACV podr\u00edan prevenirse, por lo que se considera importante incrementar las campa\u00f1as de difusi\u00f3n sobre control de la presi\u00f3n arterial, en contra del tabaquismo, a favor de la alimentaci\u00f3n sana, baja en grasas y sodio, y en promoci\u00f3n de la actividad f\u00edsica, por ejemplos.<\/p>\n<p>Respecto del s\u00edndrome de Autismo, los legisladores\u00a0 porte\u00f1os aprobaron tres iniciativas que declaran de inter\u00e9s social, para la salud y la comunicaci\u00f3n a los libros: \u201cPlan B, autismo y otra manera de estar en el mundo\u201d, de Carina Morillo (propuesto por la legisladora\u00a0 Cecilia Ferrero VJ); \u201cS\u00e9 Amable con el Autismo\u201d, de la Dra. Alexia Rattazzi, y \u201cLo que no te contaron acerca del autismo. Construyendo un mundo inclusivo\u201d, de la misma especialista y orientado a docentes y profesionales de la salud (proyectos del legislador Claudio Romero\u00a0 VJ).<\/p>\n","protected":false},"excerpt":{"rendered":"<p>La Legislatura de la Ciudad de Buenos Aires instituy\u00f3 el pasado 22 de octubre como \u201cD\u00eda de la toma de conciencia de la tartamudez\u201d, con el objeto de reducir los estereotipos negativos y la discriminaci\u00f3n y fomentar la integraci\u00f3n social de las personas tartamudas. El proyecto fue impulsado por Juan Vald\u00e9s (Frente de Todos) y [&hellip;]<\/p>\n","protected":false},"author":1,"featured_media":2735,"comment_status":"open","ping_status":"open","sticky":false,"template":"","format":"standard","meta":{"_et_pb_use_builder":"","_et_pb_old_content":"","_et_gb_content_width":"","footnotes":""},"categories":[11,33],"tags":[],"class_list":["post-2734","post","type-post","status-publish","format-standard","has-post-thumbnail","hentry","category-ciudad","category-sociedad-y-cultura-2"],"_links":{"self":[{"href":"https:\/\/vocesdebaires.com.ar\/index.php\/wp-json\/wp\/v2\/posts\/2734"}],"collection":[{"href":"https:\/\/vocesdebaires.com.ar\/index.php\/wp-json\/wp\/v2\/posts"}],"about":[{"href":"https:\/\/vocesdebaires.com.ar\/index.php\/wp-json\/wp\/v2\/types\/post"}],"author":[{"embeddable":true,"href":"https:\/\/vocesdebaires.com.ar\/index.php\/wp-json\/wp\/v2\/users\/1"}],"replies":[{"embeddable":true,"href":"https:\/\/vocesdebaires.com.ar\/index.php\/wp-json\/wp\/v2\/comments?post=2734"}],"version-history":[{"count":0,"href":"https:\/\/vocesdebaires.com.ar\/index.php\/wp-json\/wp\/v2\/posts\/2734\/revisions"}],"wp:featuredmedia":[{"embeddable":true,"href":"https:\/\/vocesdebaires.com.ar\/index.php\/wp-json\/wp\/v2\/media\/2735"}],"wp:attachment":[{"href":"https:\/\/vocesdebaires.com.ar\/index.php\/wp-json\/wp\/v2\/media?parent=2734"}],"wp:term":[{"taxonomy":"category","embeddable":true,"href":"https:\/\/vocesdebaires.com.ar\/index.php\/wp-json\/wp\/v2\/categories?post=2734"},{"taxonomy":"post_tag","embeddable":true,"href":"https:\/\/vocesdebaires.com.ar\/index.php\/wp-json\/wp\/v2\/tags?post=2734"}],"curies":[{"name":"wp","href":"https:\/\/api.w.org\/{rel}","templated":true}]}}