{"id":2736,"date":"2020-10-26T03:00:00","date_gmt":"2020-10-26T06:00:00","guid":{"rendered":"http:\/\/vocesdebaires.com.ar\/wordpress\/index.php\/2020\/10\/26\/amiacampana-adultos-demandan-accion\/"},"modified":"2020-10-26T03:00:00","modified_gmt":"2020-10-26T06:00:00","slug":"amiacampana-adultos-demandan-accion","status":"publish","type":"post","link":"https:\/\/vocesdebaires.com.ar\/index.php\/2020\/10\/26\/amiacampana-adultos-demandan-accion\/","title":{"rendered":"AMIA:Campa\u00f1a \u201cAdultos demandan Acci\u00f3n\u201d"},"content":{"rendered":"<p>AMIA, junto con las organizaciones argentinas que conforman la Red Global del HelpAge Internacional, participa de la edici\u00f3n 2020 de la Campa\u00f1a ADA (Adultos Demandan Acci\u00f3n), una iniciativa creada en 2007, que alcanza a 59 pa\u00edses, y que trabaja para promover cambios en las pol\u00edticas p\u00fablicas en beneficio de las personas mayores. Este a\u00f1o, con el fin de recuperar la voz de las personas mayores y exponer los prejuicios a los que son sometidos, la campa\u00f1a incluy\u00f3 la difusi\u00f3n de dos videos que abordan dos temas puntuales: la forma en la que se est\u00e1n cuidando y se sienten cuidados, y el uso de las tecnolog\u00edas.<\/p>\n<p>Las tem\u00e1ticas abordadas en los spots surgieron del contenido que se recab\u00f3 en los encuentros virtuales y en las encuestas que las instituciones realizaron a personas mayores de 14 provincias. Entre los datos m\u00e1s relevantes que arrojaron ambas instancias, se puede destacar que \u201clas personas mayores conocen a la perfecci\u00f3n las medidas de cuidados a tomar durante la pandemia, y que, en su gran mayor\u00eda, est\u00e1n cumpliendo todas las medidas definidas por los gobiernos nacionales y locales. Sin embargo, es com\u00fan ver mensajes o comunicaciones en medios, o incluso de la propia familia, que dejan entrever el prejuicio de que no saben o no pueden cuidarse solos\u201d, se\u00f1alan los organizadores de la campa\u00f1a.<\/p>\n<p>Respecto al uso de la tecnolog\u00eda, se inform\u00f3 que la gran mayor\u00eda de las personas pudo resolver, de manera aut\u00f3noma o con ayuda, las actividades de la vida cotidiana que forzosamente se volvieron virtuales durante el aislamiento. Sin embargo, reconocen que fue mucho el esfuerzo y que se trata de un \u201cnuevo lenguaje\u00bb. Las acciones de la Campa\u00f1a ADA (Adultos Demandan Acci\u00f3n) finalizar\u00e1n con un evento virtual que se realizar\u00e1 el pr\u00f3ximo viernes 30 de octubre a las 14.Adem\u00e1s de AMIA, Las organizaciones locales que conforman la Red Subregional Sur de HelpAge Red Global son la Asociaci\u00f3n Mutual de Protecci\u00f3n Familiar, Mayores en la Diversidad, Fundaci\u00f3n Rafam, Fundaci\u00f3n Navarro Viola, Fundaci\u00f3n SIDOM, el Centro de Envejecimiento Activo y Longevidad, Universidad Isalud, Red Mayor La Plata y la Sociedad Argentina de Geriatr\u00eda y Gerontolog\u00eda.<\/p>\n","protected":false},"excerpt":{"rendered":"<p>AMIA, junto con las organizaciones argentinas que conforman la Red Global del HelpAge Internacional, participa de la edici\u00f3n 2020 de la Campa\u00f1a ADA (Adultos Demandan Acci\u00f3n), una iniciativa creada en 2007, que alcanza a 59 pa\u00edses, y que trabaja para promover cambios en las pol\u00edticas p\u00fablicas en beneficio de las personas mayores. Este a\u00f1o, con [&hellip;]<\/p>\n","protected":false},"author":1,"featured_media":2541,"comment_status":"open","ping_status":"open","sticky":false,"template":"","format":"standard","meta":{"_et_pb_use_builder":"","_et_pb_old_content":"","_et_gb_content_width":"","footnotes":""},"categories":[11,33],"tags":[],"class_list":["post-2736","post","type-post","status-publish","format-standard","has-post-thumbnail","hentry","category-ciudad","category-sociedad-y-cultura-2"],"_links":{"self":[{"href":"https:\/\/vocesdebaires.com.ar\/index.php\/wp-json\/wp\/v2\/posts\/2736"}],"collection":[{"href":"https:\/\/vocesdebaires.com.ar\/index.php\/wp-json\/wp\/v2\/posts"}],"about":[{"href":"https:\/\/vocesdebaires.com.ar\/index.php\/wp-json\/wp\/v2\/types\/post"}],"author":[{"embeddable":true,"href":"https:\/\/vocesdebaires.com.ar\/index.php\/wp-json\/wp\/v2\/users\/1"}],"replies":[{"embeddable":true,"href":"https:\/\/vocesdebaires.com.ar\/index.php\/wp-json\/wp\/v2\/comments?post=2736"}],"version-history":[{"count":0,"href":"https:\/\/vocesdebaires.com.ar\/index.php\/wp-json\/wp\/v2\/posts\/2736\/revisions"}],"wp:featuredmedia":[{"embeddable":true,"href":"https:\/\/vocesdebaires.com.ar\/index.php\/wp-json\/wp\/v2\/media\/2541"}],"wp:attachment":[{"href":"https:\/\/vocesdebaires.com.ar\/index.php\/wp-json\/wp\/v2\/media?parent=2736"}],"wp:term":[{"taxonomy":"category","embeddable":true,"href":"https:\/\/vocesdebaires.com.ar\/index.php\/wp-json\/wp\/v2\/categories?post=2736"},{"taxonomy":"post_tag","embeddable":true,"href":"https:\/\/vocesdebaires.com.ar\/index.php\/wp-json\/wp\/v2\/tags?post=2736"}],"curies":[{"name":"wp","href":"https:\/\/api.w.org\/{rel}","templated":true}]}}