{"id":2741,"date":"2020-10-26T03:00:00","date_gmt":"2020-10-26T06:00:00","guid":{"rendered":"http:\/\/vocesdebaires.com.ar\/wordpress\/index.php\/2020\/10\/26\/larreta-sobre-el-regreso-a-clases-presenciales\/"},"modified":"2020-10-26T03:00:00","modified_gmt":"2020-10-26T06:00:00","slug":"larreta-sobre-el-regreso-a-clases-presenciales","status":"publish","type":"post","link":"https:\/\/vocesdebaires.com.ar\/index.php\/2020\/10\/26\/larreta-sobre-el-regreso-a-clases-presenciales\/","title":{"rendered":"Larreta, sobre el regreso a clases presenciales"},"content":{"rendered":"<p>El jefe de Gobierno porte\u00f1o, Horacio Rodr\u00edguez Larreta, dio detalles sobre los avances del Plan Integral de Puesta en Marcha de la Ciudad, en el marco del aislamiento social, preventivo y obligatorio por el coronavirus. \u201cLuego de siete meses de clases virtuales, volver a ver a los estudiantes sentados en los pupitres fue emocionante\u201d, expres\u00f3 Rodr\u00edguez Larreta. En esta l\u00ednea sostuvo que pudo hablar con varios de los chicos, quienes le dijeron que estaban \u201cmuy contentos por reencontrarse con sus compa\u00f1eros\u201d.<\/p>\n<p>Asimismo, anunci\u00f3 que los nuevos grupos que se sumar\u00e1n a las clases presenciales son \u201clos chicos de Sala de 5, los alumnos de primer grado y primer a\u00f1o, y los j\u00f3venes y adultos que est\u00e1n haciendo cursos de oficios\u201d. Adem\u00e1s agreg\u00f3: \u201cTambi\u00e9n los s\u00e1bados vamos a abrir m\u00e1s de 100 escuelas para apoyo escolar, y para los adultos retomaremos con las pr\u00e1cticas de taller, de laboratorio y de investigaci\u00f3n\u201d.<\/p>\n","protected":false},"excerpt":{"rendered":"<p>El jefe de Gobierno porte\u00f1o, Horacio Rodr\u00edguez Larreta, dio detalles sobre los avances del Plan Integral de Puesta en Marcha de la Ciudad, en el marco del aislamiento social, preventivo y obligatorio por el coronavirus. \u201cLuego de siete meses de clases virtuales, volver a ver a los estudiantes sentados en los pupitres fue emocionante\u201d, expres\u00f3 [&hellip;]<\/p>\n","protected":false},"author":1,"featured_media":2742,"comment_status":"open","ping_status":"open","sticky":false,"template":"","format":"standard","meta":{"_et_pb_use_builder":"","_et_pb_old_content":"","_et_gb_content_width":"","footnotes":""},"categories":[11,33],"tags":[],"class_list":["post-2741","post","type-post","status-publish","format-standard","has-post-thumbnail","hentry","category-ciudad","category-sociedad-y-cultura-2"],"_links":{"self":[{"href":"https:\/\/vocesdebaires.com.ar\/index.php\/wp-json\/wp\/v2\/posts\/2741"}],"collection":[{"href":"https:\/\/vocesdebaires.com.ar\/index.php\/wp-json\/wp\/v2\/posts"}],"about":[{"href":"https:\/\/vocesdebaires.com.ar\/index.php\/wp-json\/wp\/v2\/types\/post"}],"author":[{"embeddable":true,"href":"https:\/\/vocesdebaires.com.ar\/index.php\/wp-json\/wp\/v2\/users\/1"}],"replies":[{"embeddable":true,"href":"https:\/\/vocesdebaires.com.ar\/index.php\/wp-json\/wp\/v2\/comments?post=2741"}],"version-history":[{"count":0,"href":"https:\/\/vocesdebaires.com.ar\/index.php\/wp-json\/wp\/v2\/posts\/2741\/revisions"}],"wp:featuredmedia":[{"embeddable":true,"href":"https:\/\/vocesdebaires.com.ar\/index.php\/wp-json\/wp\/v2\/media\/2742"}],"wp:attachment":[{"href":"https:\/\/vocesdebaires.com.ar\/index.php\/wp-json\/wp\/v2\/media?parent=2741"}],"wp:term":[{"taxonomy":"category","embeddable":true,"href":"https:\/\/vocesdebaires.com.ar\/index.php\/wp-json\/wp\/v2\/categories?post=2741"},{"taxonomy":"post_tag","embeddable":true,"href":"https:\/\/vocesdebaires.com.ar\/index.php\/wp-json\/wp\/v2\/tags?post=2741"}],"curies":[{"name":"wp","href":"https:\/\/api.w.org\/{rel}","templated":true}]}}