{"id":2757,"date":"2020-10-22T03:39:57","date_gmt":"2020-10-22T06:39:57","guid":{"rendered":"http:\/\/vocesdebaires.com.ar\/wordpress\/index.php\/2020\/10\/22\/unificaran-los-colores-para-la-separacion-de-residuos\/"},"modified":"2020-10-22T03:39:57","modified_gmt":"2020-10-22T06:39:57","slug":"unificaran-los-colores-para-la-separacion-de-residuos","status":"publish","type":"post","link":"https:\/\/vocesdebaires.com.ar\/index.php\/2020\/10\/22\/unificaran-los-colores-para-la-separacion-de-residuos\/","title":{"rendered":"Unificar\u00e1n los colores para la separaci\u00f3n de residuos"},"content":{"rendered":"<p>El Ministerio de Ambiente y Desarrollo Sostenible de la Naci\u00f3n, propuso la unificaci\u00f3n de colores con los que cada corriente de residuos domiciliarios ser\u00e1 identificada y segregada en la fuente. La medida fue celebrada por las jurisdicciones ambientales del pa\u00eds, las que, en el marco del Consejo Federal de Medio Ambiente (COFEMA), impulsar\u00e1n que en los territorios se utilice el verde para los residuos reciclables secos y el negro para la basura, lo que facilitar\u00e1 la tarea de los recuperadores urbanos y fomentar\u00e1 la econom\u00eda circular.<\/p>\n<p>A trav\u00e9s de la mencionada iniciativa, que ser\u00e1 materializada mediante una resoluci\u00f3n, la Secretar\u00eda de Control y Monitoreo Ambiental, a cargo de Sergio Federovisky, propone una segregaci\u00f3n binaria de los residuos domiciliarios, promoviendo una disposici\u00f3n inicial selectiva y posterior recolecci\u00f3n diferenciada que contemple, por un lado, los residuos reciclables secos y, por otro, los residuos considerados basura.\u00a0 Para la distinci\u00f3n de ambas corrientes, se utilizar\u00e1 a nivel nacional el color el verde en el caso de aquellos materiales que puedan ser valorizados y cuya mezcla no comprometa la posibilidad de clasificaci\u00f3n secundaria y posterior valorizaci\u00f3n; y el color negro para los residuos sin alternativa de valorizaci\u00f3n, respecto de los cuales se debe proceder a su disposici\u00f3n final.<\/p>\n<p>En esta direcci\u00f3n, la cartera de Ambiente nacional, en el marco de sus competencias como autoridad de aplicaci\u00f3n de la Ley de Gesti\u00f3n de Residuos Domiciliarios N\u00b0. 25916, impulsa pol\u00edticas que promueven la transici\u00f3n hacia un modelo circular de gesti\u00f3n de los residuos, en el cual adopta la premisa de minimizaci\u00f3n y prevenci\u00f3n en la generaci\u00f3n, y de optimizaci\u00f3n del uso de los materiales insertos en el mercado.\u00a0 Mediante la adhesi\u00f3n un\u00e1nime del COFEMA, se invita a las provincias y a la Ciudad Aut\u00f3noma de Buenos Aires a adoptar dicho sistema de gesti\u00f3n, en pos de fomentar la cultura ciudadana en la materia y facilitar consecuentemente la labor de las y los recuperadores urbanos en todo el pa\u00eds.<\/p>\n","protected":false},"excerpt":{"rendered":"<p>El Ministerio de Ambiente y Desarrollo Sostenible de la Naci\u00f3n, propuso la unificaci\u00f3n de colores con los que cada corriente de residuos domiciliarios ser\u00e1 identificada y segregada en la fuente. La medida fue celebrada por las jurisdicciones ambientales del pa\u00eds, las que, en el marco del Consejo Federal de Medio Ambiente (COFEMA), impulsar\u00e1n que en [&hellip;]<\/p>\n","protected":false},"author":1,"featured_media":2758,"comment_status":"open","ping_status":"open","sticky":false,"template":"","format":"standard","meta":{"_et_pb_use_builder":"","_et_pb_old_content":"","_et_gb_content_width":"","footnotes":""},"categories":[12,34],"tags":[],"class_list":["post-2757","post","type-post","status-publish","format-standard","has-post-thumbnail","hentry","category-nacion","category-politica"],"_links":{"self":[{"href":"https:\/\/vocesdebaires.com.ar\/index.php\/wp-json\/wp\/v2\/posts\/2757"}],"collection":[{"href":"https:\/\/vocesdebaires.com.ar\/index.php\/wp-json\/wp\/v2\/posts"}],"about":[{"href":"https:\/\/vocesdebaires.com.ar\/index.php\/wp-json\/wp\/v2\/types\/post"}],"author":[{"embeddable":true,"href":"https:\/\/vocesdebaires.com.ar\/index.php\/wp-json\/wp\/v2\/users\/1"}],"replies":[{"embeddable":true,"href":"https:\/\/vocesdebaires.com.ar\/index.php\/wp-json\/wp\/v2\/comments?post=2757"}],"version-history":[{"count":0,"href":"https:\/\/vocesdebaires.com.ar\/index.php\/wp-json\/wp\/v2\/posts\/2757\/revisions"}],"wp:featuredmedia":[{"embeddable":true,"href":"https:\/\/vocesdebaires.com.ar\/index.php\/wp-json\/wp\/v2\/media\/2758"}],"wp:attachment":[{"href":"https:\/\/vocesdebaires.com.ar\/index.php\/wp-json\/wp\/v2\/media?parent=2757"}],"wp:term":[{"taxonomy":"category","embeddable":true,"href":"https:\/\/vocesdebaires.com.ar\/index.php\/wp-json\/wp\/v2\/categories?post=2757"},{"taxonomy":"post_tag","embeddable":true,"href":"https:\/\/vocesdebaires.com.ar\/index.php\/wp-json\/wp\/v2\/tags?post=2757"}],"curies":[{"name":"wp","href":"https:\/\/api.w.org\/{rel}","templated":true}]}}